{"id":777,"date":"2019-10-13T11:25:11","date_gmt":"2019-10-13T15:25:11","guid":{"rendered":"https:\/\/etiennefd.com\/cteniq\/?p=777"},"modified":"2020-09-03T12:59:33","modified_gmt":"2020-09-03T16:59:33","slug":"la-coree","status":"publish","type":"post","link":"https:\/\/etiennefd.com\/cteniq\/la-coree\/","title":{"rendered":"La Cor\u00e9e"},"content":{"rendered":"<p><img loading=\"lazy\" decoding=\"async\" class=\"aligncenter wp-image-1349 size-full\" src=\"https:\/\/etiennefd.com\/cteniq\/wp-content\/uploads\/sites\/1\/2019\/08\/8.-core\u0301e.png\" alt=\"\" width=\"775\" height=\"636\" srcset=\"https:\/\/etiennefd.com\/cteniq\/wp-content\/uploads\/sites\/1\/2019\/08\/8.-core\u0301e.png 775w, https:\/\/etiennefd.com\/cteniq\/wp-content\/uploads\/sites\/1\/2019\/08\/8.-core\u0301e-300x246.png 300w, https:\/\/etiennefd.com\/cteniq\/wp-content\/uploads\/sites\/1\/2019\/08\/8.-core\u0301e-768x630.png 768w, https:\/\/etiennefd.com\/cteniq\/wp-content\/uploads\/sites\/1\/2019\/08\/8.-core\u0301e-609x500.png 609w\" sizes=\"auto, (max-width: 775px) 100vw, 775px\" \/><\/p>\n<p style=\"text-align: center;\"><em><span style=\"font-size: 10pt;\">D\u00e9tail d\u2019une carte de Jan Huygen Van Linschoten (1596) dont le titre commence par \u00ab\u00a0Exacta &amp; Accurata\u00a0\u00bb, ce qui est quand m\u00eame effront\u00e9 pour une carte qui montre un Japon en forme de crevette et une Cor\u00e9e qui serait une \u00eele circulaire. Le nord est \u00e0 gauche.<\/span><\/em><\/p>\n<ul>\n<li class=\"p1\">O\u00f9\u00a0: l\u00e0 o\u00f9 se trouve la p\u00e9ninsule cor\u00e9enne<\/li>\n<li class=\"p1\">Quand\u00a0: la Cor\u00e9e est dessin\u00e9e comme une \u00eele sur quelques cartes europ\u00e9ennes des 16e et 17e si\u00e8cles, quand l\u2019Extr\u00eame-Orient \u00e9tait encore mal connu de l\u2019Occident.<\/li>\n<\/ul>\n<p style=\"text-align: center;\"><span class=\"s2\">\/\/<\/span><\/p>\n<p><em>Les pas de RI SU-GIL, haut fonctionnaire au Minist\u00e8re des Affaires \u00e9trang\u00e8res, font un \u00e9cho dans le gigantesque hall de marbre du Quartier g\u00e9n\u00e9ral du Comit\u00e9 central, \u00e0 Pyongyang. Il y rejoint KIM THAE-BOT, ministre des Affaires \u00e9trang\u00e8res de la R\u00e9publique populaire d\u00e9mocratique de Cor\u00e9e. Ils se saluent.<\/em><\/p>\n<p>RI\u00a0: Salutations, M.\u00a0Kim. Comme nous nous y attendions, les sismographes \u00e9trangers ont d\u00e9tect\u00e9 les perturbations caus\u00e9es par nos tests pr\u00e8s des fronti\u00e8res chinoise et russe. L\u2019\u00e9cho a retenti dans les m\u00e9dias de nombreux pays. Nous avons fait l\u2019analyse des r\u00e9actions occidentales, japonaises, chinoises, russes et sud-cor\u00e9ennes.\u00a0 L\u2019inqui\u00e9tude atteint un niveau rarement \u00e9gal\u00e9 dans la communaut\u00e9 internationale.<\/p>\n<p>KIM\u00a0: Le minist\u00e8re et le peuple cor\u00e9en vous remercient pour votre excellent travail, M. Ri.<\/p>\n<p>RI\u00a0: Nous devons maintenant pr\u00e9parer une r\u00e9ponse \u00e0 l\u2019attention des gouvernements \u00e9trangers.<\/p>\n<p>KIM\u00a0: Certainement. Je viens justement de m\u2019entretenir \u00e0 ce sujet avec le Leader supr\u00eame, gloire \u00e0 lui et au peuple cor\u00e9en.<\/p>\n<p>RI\u00a0: Gloire au Leader supr\u00eame et au peuple cor\u00e9en! Quelles sont les instructions?<\/p>\n<p>KIM\u00a0: Nous allons annoncer la transformation de la Cor\u00e9e en une \u00eele.<\/p>\n<p><em>Ri Su-gil ne comprend pas. Il fronce les sourcils.\u00a0<\/em><\/p>\n<p>RI\u00a0: Une \u00eele, M.\u00a0Kim?<\/p>\n<p><em>Kim Thae-bot sourit et se met \u00e0 marcher vers un corridor, suivi de Ri Su-gil.\u00a0<\/em><\/p>\n<p>KIM\u00a0: Une \u00eele, M. Ri. Voyez-vous, le Leader supr\u00eame m\u2019a appris tout \u00e0 l\u2019heure que la p\u00e9ninsule cor\u00e9enne a d\u00e9j\u00e0 \u00e9t\u00e9 s\u00e9par\u00e9e du continent.<\/p>\n<p>RI\u00a0: Je l\u2019ignorais.<\/p>\n<p>KIM\u00a0: Et vous n\u2019\u00eates pas le seul. Cela remonte \u00e0 des temps imm\u00e9moriaux. C\u2019est une v\u00e9rit\u00e9 qu\u2019a d\u00e9couverte le Leader supr\u00eame lui-m\u00eame lorsqu\u2019il s\u2019est rendu sur les ruines d\u2019un ancien temple dans les monts Rangrim.<\/p>\n<p>RI\u00a0: Je vois.<\/p>\n<p>KIM\u00a0: Le destin de la R\u00e9publique populaire d\u00e9mocratique de Cor\u00e9e est de servir de phare afin de montrer la voie au monde entier. Mais les nations \u00e9trang\u00e8res \u2014 m\u00eame la Chine \u2014 refusent de suivre le chemin que nous tra\u00e7ons pour eux. Dans les circonstances, il est dans notre int\u00e9r\u00eat de nous isoler g\u00e9ographiquement.<\/p>\n<p>RI\u00a0: Je ne suis pas certain de comprendre, M.\u00a0Kim.<\/p>\n<p><em>Kim Thae-bot fait un geste pour inviter Ri Su-gil \u00e0 entrer dans un bureau. Ils s\u2019assoient sur deux fauteuils entre lesquels est plac\u00e9 un bouquet de fleurs artificielles. Sur le mur, on distingue les portraits de Kim Il-sung et de Kim Jong-il<\/em><em>.<\/em><\/p>\n<p>KIM\u00a0: Nous avons une fronti\u00e8re avec la Russie. Or la Russie a une fronti\u00e8re, notamment, avec la Norv\u00e8ge. Et la Norv\u00e8ge fait partie de l\u2019OTAN, la cr\u00e9ature malfaisante des \u00c9tats-Unis d\u2019Am\u00e9rique.<\/p>\n<p><em>Ri Su-gil fait une grimace \u00e0 la mention des \u00c9tats-Unis.<\/em><\/p>\n<p>KIM\u00a0: Cette proximit\u00e9 met mal \u00e0 l\u2019aise le Leader supr\u00eame.<\/p>\n<p>RI\u00a0: Oui, je vois. Mais l\u2019essentiel de notre fronti\u00e8re est avec la Chine.<\/p>\n<p>KIM\u00a0: J\u2019y arrivais. La Chine, comme vous le savez, est rong\u00e9e par le cancer capitaliste. Certains de nos compatriotes, influenc\u00e9s par des id\u00e9es nuisibles, traversent cette fronti\u00e8re et tombent, une fois en Chine, dans un enfer duquel il est extr\u00eamement difficile de les sauver.<\/p>\n<p>RI\u00a0: Donc\u2026<\/p>\n<p>KIM\u00a0: Donc, la seule solution est de s\u00e9curiser la fronti\u00e8re. Quoi de mieux, pour ce faire, que de nous s\u00e9parer physiquement de la Chine et de la Russie? Quoi de mieux que de revenir \u00e0 cet \u00e2ge d\u2019or d\u00e9couvert par le Leader supr\u00eame, lors duquel nous \u00e9tions libres, sans la contamination de doctrines toxiques? Cela pourrait m\u00eame nous aider \u00e0 convaincre les rebelles du sud de notre sup\u00e9riorit\u00e9 id\u00e9ologique.<\/p>\n<p>RI\u00a0: C\u2019est donc \u00e0 cela que servent les explosions souterraines?<\/p>\n<p>KIM\u00a0: Vous avez tout compris. Notre technologie nucl\u00e9aire, la plus avanc\u00e9e au monde, nous permet de creuser un canal afin de relier les mers. Votre travail, M. Ri, sera d\u2019expliquer ceci aux puissances \u00e9trang\u00e8res.<\/p>\n<p>RI\u00a0: En tout respect, M.\u00a0Kim, peut-on r\u00e9ellement transformer la Cor\u00e9e en une \u00eele?<\/p>\n<p>KIM\u00a0: Doutez-vous des paroles du Leader supr\u00eame?<\/p>\n<p>RI\u00a0: Jamais!<\/p>\n<p>KIM (<em>avec un sourire<\/em>)\u00a0: Alors o\u00f9 est le probl\u00e8me?<\/p>\n<p>RI\u00a0: Il n\u2019y a aucun probl\u00e8me, M.\u00a0Kim! Je tremble d\u2019impatience \u00e0 l\u2019id\u00e9e d\u2019ex\u00e9cuter la volont\u00e9 du Leader supr\u00eame et du peuple cor\u00e9en.<\/p>\n<p>KIM\u00a0: Fort bien, M. Ri. Nous vous transmettrons les dossiers dont vous aurez besoin. Le minist\u00e8re, le peuple cor\u00e9en et moi-m\u00eame vous souhaitons le plus grand des succ\u00e8s dans l\u2019ex\u00e9cution de votre t\u00e2che.<\/p>\n<p><em>Ils se saluent, puis Ri Su-gil se l\u00e8ve et quitte le bureau. Kim Thae-bot patiente quelques instants, puis il va chercher un petit linge et se met \u00e0 astiquer les portraits de Kim Il-sung et de Kim Jong-il en sifflotant.<\/em><\/p>\n","protected":false},"excerpt":{"rendered":"<p>D\u00e9tail d\u2019une carte de Jan Huygen Van Linschoten (1596) dont le titre commence par \u00ab\u00a0Exacta &amp; Accurata\u00a0\u00bb, ce qui est quand m\u00eame effront\u00e9 pour une carte qui montre un Japon <a href=\"https:\/\/etiennefd.com\/cteniq\/la-coree\/\" class=\"more-link\">[&hellip;]<\/a><\/p>\n","protected":false},"author":1,"featured_media":0,"comment_status":"open","ping_status":"open","sticky":false,"template":"","format":"standard","meta":{"Layout":"","footnotes":""},"categories":[11],"tags":[35,31],"class_list":["entry","author-steb","post-777","post","type-post","status-publish","format-standard","category-fiction","tag-atlas-des-iles-fantomes","tag-cartographie"],"yoast_head":"<!-- This site is optimized with the Yoast SEO plugin v27.5 - https:\/\/yoast.com\/product\/yoast-seo-wordpress\/ -->\n<title>La Cor\u00e9e - Cartographier tout et n\u2019importe quoi<\/title>\n<meta name=\"robots\" content=\"index, follow, max-snippet:-1, max-image-preview:large, max-video-preview:-1\" \/>\n<link rel=\"canonical\" href=\"https:\/\/etiennefd.com\/cteniq\/la-coree\/\" \/>\n<meta property=\"og:locale\" content=\"fr_FR\" \/>\n<meta property=\"og:type\" content=\"article\" \/>\n<meta property=\"og:title\" content=\"La Cor\u00e9e - Cartographier tout et n\u2019importe quoi\" \/>\n<meta property=\"og:description\" content=\"D\u00e9tail d\u2019une carte de Jan Huygen Van Linschoten (1596) dont le titre commence par \u00ab\u00a0Exacta &amp; Accurata\u00a0\u00bb, ce qui est quand m\u00eame effront\u00e9 pour une carte qui montre un Japon [&hellip;]\" \/>\n<meta property=\"og:url\" content=\"https:\/\/etiennefd.com\/cteniq\/la-coree\/\" \/>\n<meta property=\"og:site_name\" content=\"Cartographier tout et n\u2019importe quoi\" \/>\n<meta property=\"article:published_time\" content=\"2019-10-13T15:25:11+00:00\" \/>\n<meta property=\"article:modified_time\" content=\"2020-09-03T16:59:33+00:00\" \/>\n<meta property=\"og:image\" content=\"https:\/\/etiennefd.com\/cteniq\/wp-content\/uploads\/sites\/1\/2019\/08\/8.-core\u0301e.png\" \/>\n<meta name=\"author\" content=\"\u00c9tienne\" \/>\n<meta name=\"twitter:card\" content=\"summary_large_image\" \/>\n<meta name=\"twitter:label1\" content=\"\u00c9crit par\" \/>\n\t<meta name=\"twitter:data1\" content=\"\u00c9tienne\" \/>\n\t<meta name=\"twitter:label2\" content=\"Dur\u00e9e de lecture estim\u00e9e\" \/>\n\t<meta name=\"twitter:data2\" content=\"5 minutes\" \/>\n<script type=\"application\/ld+json\" class=\"yoast-schema-graph\">{\"@context\":\"https:\\\/\\\/schema.org\",\"@graph\":[{\"@type\":\"Article\",\"@id\":\"https:\\\/\\\/etiennefd.com\\\/cteniq\\\/la-coree\\\/#article\",\"isPartOf\":{\"@id\":\"https:\\\/\\\/etiennefd.com\\\/cteniq\\\/la-coree\\\/\"},\"author\":{\"name\":\"\u00c9tienne\",\"@id\":\"https:\\\/\\\/etiennefd.com\\\/cteniq\\\/#\\\/schema\\\/person\\\/b568795c4bc7d5981b1ce8105a47cc50\"},\"headline\":\"La Cor\u00e9e\",\"datePublished\":\"2019-10-13T15:25:11+00:00\",\"dateModified\":\"2020-09-03T16:59:33+00:00\",\"mainEntityOfPage\":{\"@id\":\"https:\\\/\\\/etiennefd.com\\\/cteniq\\\/la-coree\\\/\"},\"wordCount\":919,\"commentCount\":1,\"keywords\":[\"atlas des \u00eeles fant\u00f4mes\",\"cartographie\"],\"articleSection\":[\"fiction\"],\"inLanguage\":\"fr-FR\",\"potentialAction\":[{\"@type\":\"CommentAction\",\"name\":\"Comment\",\"target\":[\"https:\\\/\\\/etiennefd.com\\\/cteniq\\\/la-coree\\\/#respond\"]}]},{\"@type\":\"WebPage\",\"@id\":\"https:\\\/\\\/etiennefd.com\\\/cteniq\\\/la-coree\\\/\",\"url\":\"https:\\\/\\\/etiennefd.com\\\/cteniq\\\/la-coree\\\/\",\"name\":\"La Cor\u00e9e - Cartographier tout et n\u2019importe quoi\",\"isPartOf\":{\"@id\":\"https:\\\/\\\/etiennefd.com\\\/cteniq\\\/#website\"},\"datePublished\":\"2019-10-13T15:25:11+00:00\",\"dateModified\":\"2020-09-03T16:59:33+00:00\",\"author\":{\"@id\":\"https:\\\/\\\/etiennefd.com\\\/cteniq\\\/#\\\/schema\\\/person\\\/b568795c4bc7d5981b1ce8105a47cc50\"},\"breadcrumb\":{\"@id\":\"https:\\\/\\\/etiennefd.com\\\/cteniq\\\/la-coree\\\/#breadcrumb\"},\"inLanguage\":\"fr-FR\",\"potentialAction\":[{\"@type\":\"ReadAction\",\"target\":[\"https:\\\/\\\/etiennefd.com\\\/cteniq\\\/la-coree\\\/\"]}]},{\"@type\":\"BreadcrumbList\",\"@id\":\"https:\\\/\\\/etiennefd.com\\\/cteniq\\\/la-coree\\\/#breadcrumb\",\"itemListElement\":[{\"@type\":\"ListItem\",\"position\":1,\"name\":\"Home\",\"item\":\"https:\\\/\\\/etiennefd.com\\\/cteniq\\\/\"},{\"@type\":\"ListItem\",\"position\":2,\"name\":\"La Cor\u00e9e\"}]},{\"@type\":\"WebSite\",\"@id\":\"https:\\\/\\\/etiennefd.com\\\/cteniq\\\/#website\",\"url\":\"https:\\\/\\\/etiennefd.com\\\/cteniq\\\/\",\"name\":\"Cartographier tout et n\u2019importe quoi\",\"description\":\"y compris (et surtout) des lieux qui n&#039;existent pas\",\"potentialAction\":[{\"@type\":\"SearchAction\",\"target\":{\"@type\":\"EntryPoint\",\"urlTemplate\":\"https:\\\/\\\/etiennefd.com\\\/cteniq\\\/?s={search_term_string}\"},\"query-input\":{\"@type\":\"PropertyValueSpecification\",\"valueRequired\":true,\"valueName\":\"search_term_string\"}}],\"inLanguage\":\"fr-FR\"},{\"@type\":\"Person\",\"@id\":\"https:\\\/\\\/etiennefd.com\\\/cteniq\\\/#\\\/schema\\\/person\\\/b568795c4bc7d5981b1ce8105a47cc50\",\"name\":\"\u00c9tienne\",\"image\":{\"@type\":\"ImageObject\",\"inLanguage\":\"fr-FR\",\"@id\":\"https:\\\/\\\/secure.gravatar.com\\\/avatar\\\/1333943e77caca64b7d1071e8a2ab0629223f8e60531e4ec83372f4d2e3c1374?s=96&d=mm&r=g\",\"url\":\"https:\\\/\\\/secure.gravatar.com\\\/avatar\\\/1333943e77caca64b7d1071e8a2ab0629223f8e60531e4ec83372f4d2e3c1374?s=96&d=mm&r=g\",\"contentUrl\":\"https:\\\/\\\/secure.gravatar.com\\\/avatar\\\/1333943e77caca64b7d1071e8a2ab0629223f8e60531e4ec83372f4d2e3c1374?s=96&d=mm&r=g\",\"caption\":\"\u00c9tienne\"},\"url\":\"https:\\\/\\\/etiennefd.com\\\/cteniq\\\/author\\\/steb\\\/\"}]}<\/script>\n<!-- \/ Yoast SEO plugin. -->","yoast_head_json":{"title":"La Cor\u00e9e - Cartographier tout et n\u2019importe quoi","robots":{"index":"index","follow":"follow","max-snippet":"max-snippet:-1","max-image-preview":"max-image-preview:large","max-video-preview":"max-video-preview:-1"},"canonical":"https:\/\/etiennefd.com\/cteniq\/la-coree\/","og_locale":"fr_FR","og_type":"article","og_title":"La Cor\u00e9e - Cartographier tout et n\u2019importe quoi","og_description":"D\u00e9tail d\u2019une carte de Jan Huygen Van Linschoten (1596) dont le titre commence par \u00ab\u00a0Exacta &amp; Accurata\u00a0\u00bb, ce qui est quand m\u00eame effront\u00e9 pour une carte qui montre un Japon [&hellip;]","og_url":"https:\/\/etiennefd.com\/cteniq\/la-coree\/","og_site_name":"Cartographier tout et n\u2019importe quoi","article_published_time":"2019-10-13T15:25:11+00:00","article_modified_time":"2020-09-03T16:59:33+00:00","og_image":[{"url":"https:\/\/etiennefd.com\/cteniq\/wp-content\/uploads\/sites\/1\/2019\/08\/8.-core\u0301e.png","type":"","width":"","height":""}],"author":"\u00c9tienne","twitter_card":"summary_large_image","twitter_misc":{"\u00c9crit par":"\u00c9tienne","Dur\u00e9e de lecture estim\u00e9e":"5 minutes"},"schema":{"@context":"https:\/\/schema.org","@graph":[{"@type":"Article","@id":"https:\/\/etiennefd.com\/cteniq\/la-coree\/#article","isPartOf":{"@id":"https:\/\/etiennefd.com\/cteniq\/la-coree\/"},"author":{"name":"\u00c9tienne","@id":"https:\/\/etiennefd.com\/cteniq\/#\/schema\/person\/b568795c4bc7d5981b1ce8105a47cc50"},"headline":"La Cor\u00e9e","datePublished":"2019-10-13T15:25:11+00:00","dateModified":"2020-09-03T16:59:33+00:00","mainEntityOfPage":{"@id":"https:\/\/etiennefd.com\/cteniq\/la-coree\/"},"wordCount":919,"commentCount":1,"keywords":["atlas des \u00eeles fant\u00f4mes","cartographie"],"articleSection":["fiction"],"inLanguage":"fr-FR","potentialAction":[{"@type":"CommentAction","name":"Comment","target":["https:\/\/etiennefd.com\/cteniq\/la-coree\/#respond"]}]},{"@type":"WebPage","@id":"https:\/\/etiennefd.com\/cteniq\/la-coree\/","url":"https:\/\/etiennefd.com\/cteniq\/la-coree\/","name":"La Cor\u00e9e - Cartographier tout et n\u2019importe quoi","isPartOf":{"@id":"https:\/\/etiennefd.com\/cteniq\/#website"},"datePublished":"2019-10-13T15:25:11+00:00","dateModified":"2020-09-03T16:59:33+00:00","author":{"@id":"https:\/\/etiennefd.com\/cteniq\/#\/schema\/person\/b568795c4bc7d5981b1ce8105a47cc50"},"breadcrumb":{"@id":"https:\/\/etiennefd.com\/cteniq\/la-coree\/#breadcrumb"},"inLanguage":"fr-FR","potentialAction":[{"@type":"ReadAction","target":["https:\/\/etiennefd.com\/cteniq\/la-coree\/"]}]},{"@type":"BreadcrumbList","@id":"https:\/\/etiennefd.com\/cteniq\/la-coree\/#breadcrumb","itemListElement":[{"@type":"ListItem","position":1,"name":"Home","item":"https:\/\/etiennefd.com\/cteniq\/"},{"@type":"ListItem","position":2,"name":"La Cor\u00e9e"}]},{"@type":"WebSite","@id":"https:\/\/etiennefd.com\/cteniq\/#website","url":"https:\/\/etiennefd.com\/cteniq\/","name":"Cartographier tout et n\u2019importe quoi","description":"y compris (et surtout) des lieux qui n&#039;existent pas","potentialAction":[{"@type":"SearchAction","target":{"@type":"EntryPoint","urlTemplate":"https:\/\/etiennefd.com\/cteniq\/?s={search_term_string}"},"query-input":{"@type":"PropertyValueSpecification","valueRequired":true,"valueName":"search_term_string"}}],"inLanguage":"fr-FR"},{"@type":"Person","@id":"https:\/\/etiennefd.com\/cteniq\/#\/schema\/person\/b568795c4bc7d5981b1ce8105a47cc50","name":"\u00c9tienne","image":{"@type":"ImageObject","inLanguage":"fr-FR","@id":"https:\/\/secure.gravatar.com\/avatar\/1333943e77caca64b7d1071e8a2ab0629223f8e60531e4ec83372f4d2e3c1374?s=96&d=mm&r=g","url":"https:\/\/secure.gravatar.com\/avatar\/1333943e77caca64b7d1071e8a2ab0629223f8e60531e4ec83372f4d2e3c1374?s=96&d=mm&r=g","contentUrl":"https:\/\/secure.gravatar.com\/avatar\/1333943e77caca64b7d1071e8a2ab0629223f8e60531e4ec83372f4d2e3c1374?s=96&d=mm&r=g","caption":"\u00c9tienne"},"url":"https:\/\/etiennefd.com\/cteniq\/author\/steb\/"}]}},"_links":{"self":[{"href":"https:\/\/etiennefd.com\/cteniq\/wp-json\/wp\/v2\/posts\/777","targetHints":{"allow":["GET"]}}],"collection":[{"href":"https:\/\/etiennefd.com\/cteniq\/wp-json\/wp\/v2\/posts"}],"about":[{"href":"https:\/\/etiennefd.com\/cteniq\/wp-json\/wp\/v2\/types\/post"}],"author":[{"embeddable":true,"href":"https:\/\/etiennefd.com\/cteniq\/wp-json\/wp\/v2\/users\/1"}],"replies":[{"embeddable":true,"href":"https:\/\/etiennefd.com\/cteniq\/wp-json\/wp\/v2\/comments?post=777"}],"version-history":[{"count":10,"href":"https:\/\/etiennefd.com\/cteniq\/wp-json\/wp\/v2\/posts\/777\/revisions"}],"predecessor-version":[{"id":1374,"href":"https:\/\/etiennefd.com\/cteniq\/wp-json\/wp\/v2\/posts\/777\/revisions\/1374"}],"wp:attachment":[{"href":"https:\/\/etiennefd.com\/cteniq\/wp-json\/wp\/v2\/media?parent=777"}],"wp:term":[{"taxonomy":"category","embeddable":true,"href":"https:\/\/etiennefd.com\/cteniq\/wp-json\/wp\/v2\/categories?post=777"},{"taxonomy":"post_tag","embeddable":true,"href":"https:\/\/etiennefd.com\/cteniq\/wp-json\/wp\/v2\/tags?post=777"}],"curies":[{"name":"wp","href":"https:\/\/api.w.org\/{rel}","templated":true}]}}