{"id":738,"date":"2019-09-08T16:07:03","date_gmt":"2019-09-08T20:07:03","guid":{"rendered":"https:\/\/etiennefd.com\/cteniq\/?p=738"},"modified":"2020-09-03T12:56:57","modified_gmt":"2020-09-03T16:56:57","slug":"ile-de-saint-brendan","status":"publish","type":"post","link":"https:\/\/etiennefd.com\/cteniq\/ile-de-saint-brendan\/","title":{"rendered":"L\u2019\u00eele de Saint-Brendan"},"content":{"rendered":"<p><img loading=\"lazy\" decoding=\"async\" class=\"aligncenter wp-image-1346 size-large\" src=\"https:\/\/etiennefd.com\/cteniq\/wp-content\/uploads\/sites\/1\/2019\/08\/5.-saint-brendan-1024x522.png\" alt=\"\" width=\"1024\" height=\"522\" srcset=\"https:\/\/etiennefd.com\/cteniq\/wp-content\/uploads\/sites\/1\/2019\/08\/5.-saint-brendan-1024x522.png 1024w, https:\/\/etiennefd.com\/cteniq\/wp-content\/uploads\/sites\/1\/2019\/08\/5.-saint-brendan-300x153.png 300w, https:\/\/etiennefd.com\/cteniq\/wp-content\/uploads\/sites\/1\/2019\/08\/5.-saint-brendan-768x391.png 768w, https:\/\/etiennefd.com\/cteniq\/wp-content\/uploads\/sites\/1\/2019\/08\/5.-saint-brendan-981x500.png 981w, https:\/\/etiennefd.com\/cteniq\/wp-content\/uploads\/sites\/1\/2019\/08\/5.-saint-brendan.png 1148w\" sizes=\"auto, (max-width: 1024px) 100vw, 1024px\" \/><\/p>\n<p style=\"text-align: center;\"><em><span style=\"font-size: 10pt;\">D\u00e9tail d&rsquo;une <a href=\"https:\/\/commons.wikimedia.org\/wiki\/File:Guillaume_Delisle_North_West_Africa_1707.jpg?uselang=fr\">carte<\/a> du nord-ouest de l&rsquo;Afrique par Guillaume Delisle (1707). L&rsquo;\u00eele de Saint-Brendan (\u00ab S<sup>t<\/sup>. Borondon \u00bb) est en le parage \u00e0 gauche en dessous du mot \u00ab quelques\u00a0\u00bb.<\/span><\/em><\/p>\n<ul>\n<li class=\"p1\">O\u00f9 : quelque part dans l\u2019Atlantique Nord<\/li>\n<li class=\"p1\">Quand : selon un texte du IXe si\u00e8cle, l\u2019\u00eele a \u00e9t\u00e9 visit\u00e9e par le moine irlandais saint Brendan de Clonfert en 512; son existence a ensuite \u00e9t\u00e9 rapport\u00e9e par de nombreux auteurs et navigateurs \u00e0 travers le Moyen \u00c2ge et jusqu\u2019au XVIIIe si\u00e8cle<\/li>\n<li class=\"p1\">Aussi connue sous les noms de\u00a0: San Borond\u00f3n, Samborod\u00f3n<\/li>\n<\/ul>\n<p style=\"text-align: center;\"><span class=\"s2\">\/\/<\/span><\/p>\n<p class=\"p1\">Il s\u2019appelle Brendan Sanchez. Il est n\u00e9 en banlieue de Brisbane, dans le Queensland en Australie, en 2009. Son p\u00e8re est un immigrant philippin qu\u2019il conna\u00eet peu. Brendan vit avec sa m\u00e8re, une professeure de linguistique, sp\u00e9cialiste des langues austron\u00e9siennes.<\/p>\n<p class=\"p1\">Brendan a une enfance somme toute heureuse, rien qui sorte de l\u2019ordinaire. Il est intelligent, sans \u00eatre un prodige. Il a peu d\u2019amis, mais n\u2019est pas pour autant isol\u00e9. Il lit beaucoup.<\/p>\n<p class=\"p1\">Quand il a quinze ans, sa m\u00e8re l\u2019emm\u00e8ne pendant quelques semaines dans un village situ\u00e9 sur une \u00eele rattach\u00e9e \u00e0 la Papouasie\u2013Nouvelle-Guin\u00e9e. Elle est l\u00e0 pour des recherches linguistiques avec les insulaires, et Brendan a tout son temps pour explorer le village et lire les livres qu\u2019il a amen\u00e9s pour compenser l\u2019absence de connexion internet. L\u2019un des livres est un recueil d\u2019histoires de saints que son p\u00e8re, catholique pratiquant, lui a envoy\u00e9 pour son \u00e9dification. Brendan en rit, mais par respect pour son p\u00e8re, il l\u2019ouvre, et il tombe sur la biographie de son homonyme\u00a0: Brendan de Clonfert.<\/p>\n<p class=\"p1\">Saint Brendan, apprend-il, a v\u00e9cu en Irlande au VIe si\u00e8cle. On conna\u00eet de lui surtout ses voyages \u00e0 la recherche du jardin d\u2019\u00c9den; il aurait visit\u00e9 l\u2019Islande, les \u00eeles F\u00e9ro\u00e9, peut-\u00eatre (mais les sp\u00e9cialistes sont sceptiques) le Groenland et le continent am\u00e9ricain, et quantit\u00e9 d\u2019autres \u00eeles fantastiques et inexistantes dont l\u2019une, qu\u2019il a d\u00e9crite comme le Paradis, porte d\u00e9sormais son nom.<\/p>\n<p class=\"p1\">Brendan Sanchez est fascin\u00e9. Il cherche des liens entre lui et le moine, et r\u00e9alise qu\u2019il se trouve sur une \u00eele appel\u00e9e Nouvelle-Irlande, ce qui ne peut pas \u00eatre une co\u00efncidence. Il pose des questions \u00e0 sa m\u00e8re et apprend qu\u2019elle a de lointaines origines irlandaises. \u00c0 la blague, il d\u00e9clare \u00eatre une sorte de r\u00e9incarnation de saint Brendan de Clonfert.<\/p>\n<p class=\"p1\">Mais peu \u00e0 peu, la blague semble prendre les couleurs de la r\u00e9alit\u00e9. De retour \u00e0 l\u2019\u00e9cole, il est \u00e9lu pr\u00e9sident du club \u00e9cologiste dans lequel il s\u2019impliquait. Ils sont quatorze; or, quatorze moines accompagnaient saint Brendan dans ses voyages. Sa meilleure amie et vice-pr\u00e9sidente du club s\u2019appelle Mala; saint Malo \u00e9tait l\u2019un des compagnons de l\u2019abb\u00e9 irlandais. Le jour de f\u00eate du saint est le 16\u00a0mai; c\u2019est aussi la date, selon une information fournie par sa m\u00e8re et dont il se serait volontiers pass\u00e9, de la conception de Brendan Sanchez.<\/p>\n<p class=\"p1\">D\u00e9but\u00a02025, en tant que repr\u00e9sentant de son association, Brendan \u00e9crit une lettre ouverte au gouvernement f\u00e9d\u00e9ral australien pour critiquer sa politique environnementale dans le contexte de la crise du climat. Un hasard m\u00e9diatique donne un retentissement inesp\u00e9r\u00e9 \u00e0 son message. Quelques-uns de ses tweets deviennent viraux. Brendan est interview\u00e9 \u00e0 la t\u00e9l\u00e9. Sans l\u2019avoir cherch\u00e9, il devient une figure de proue du mouvement des \u00e9tudiants contre les changements climatiques.<\/p>\n<p class=\"p1\">Quand il re\u00e7oit une invitation pour un congr\u00e8s mondial \u00e0 Dublin, il comprend que \u00e7a ne peut pas \u00eatre une co\u00efncidence. Sa pr\u00e9sence sur Terre est intimement li\u00e9e avec la vie, 1400 ans plus t\u00f4t, de ce myst\u00e9rieux moine irlandais. Il a une mission, et il doit l\u2019accomplir pour le bien de tous.<\/p>\n<p class=\"p1\">Les catastrophes caus\u00e9es par le climat ont d\u00e9j\u00e0, alors, pris l\u2019allure d\u2019\u00e9v\u00e9nements normaux, routiniers. Il flotte un parfum d\u2019irr\u00e9versibilit\u00e9 sur le destin du genre humain. La technologie, autrefois consid\u00e9r\u00e9e comme une source de solutions, semble d\u00e9sormais faire partie du probl\u00e8me. Les progr\u00e8s de l\u2019intelligence artificielle ont redessin\u00e9 la structure du monde. Les choses, partout, sont de plus en plus m\u00e9connaissables.<\/p>\n<p class=\"p1\">En clair, l\u2019humanit\u00e9 est m\u00fbre pour l\u2019\u00e9closion d\u2019une nouvelle religion.<\/p>\n<p class=\"p1\">Pour Brendan, les mois suivants sont ceux de son passage au statut de c\u00e9l\u00e9brit\u00e9 plan\u00e9taire. Sur les r\u00e9seaux sociaux, ses abonn\u00e9s se mesurent par millions. Il rencontre des chefs d\u2019\u00c9tat et des chefs spirituels. Bien s\u00fbr, il essuie son lot de critiques parmi les faiseurs d\u2019opinions de tous les pays \u2014 qu\u2019est-ce qu\u2019un ado de seize ans vient faire \u00e0 bouleverser l\u2019ordre du monde? \u2014 mais cela ne ralentit pas son ascension, bien au contraire.<\/p>\n<p class=\"p1\">Le message de Brendan se r\u00e9sume pourtant \u00e0 peu de chose\u00a0: il faut mener une vie riche, mais simple. Il ne pr\u00f4ne pas exactement la renonciation au luxe, et c\u2019est peut-\u00eatre ce qui lui permet d\u2019\u00eatre si populaire\u00a0: on ne l\u2019associe pas \u00e0 la pauvret\u00e9, plut\u00f4t \u00e0 la richesse, \u00e0 une richesse intelligente, consciente de son impact. Il propose de diminuer l\u2019usage des technologies informatiques, mais de conserver ce qui a de la v\u00e9ritable valeur \u2014 par exemple ce qui permet de rester en contact avec les gens qu\u2019on aime et qui se sont \u00e9tablis au loin. Il affirme que le voyage est une grande source de joie, mais qu\u2019il vaut mieux \u00e9viter de polluer en prenant l\u2019avion. Il imagine le d\u00e9veloppement d\u2019un r\u00e9seau de navires carboneutres, ce qui permettrait de relier les continents entre eux et de remettre le voyage maritime \u00e0 l\u2019ordre du jour, comme autrefois.<\/p>\n<p class=\"p1\">Pour donner l\u2019exemple, il parcourt le monde en voilier avec un \u00e9quipage de quatorze disciples. Il aborde les \u00eeles qui sont menac\u00e9es par la hausse d\u00e9j\u00e0 bien entam\u00e9e du niveau des mers. Il traverse le passage du nord-ouest, compl\u00e8tement libre de glace. Chacune de ses visites est un immense \u00e9v\u00e9nement. En d\u00e9cembre 2029, il accoste dans le port d\u2019Oslo pour recevoir son prix Nobel de la paix.<\/p>\n<p class=\"p1\">Ces voyages durent sept ans, comme ceux de saint Brendan. Puis, le voilier dispara\u00eet lors d\u2019une travers\u00e9e de l\u2019Atlantique.<\/p>\n<p class=\"p1\">Une \u00e9quipe part \u00e0 la recherche de Brendan Sanchez et de ses disciples. Pendant des semaines, le monde entier a le regard riv\u00e9 sur le travail des sauveteurs, mais peu \u00e0 peu la conclusion s\u2019impose\u00a0: on ne retrouvera jamais les naufrag\u00e9s.<\/p>\n<p class=\"p1\">Partout, on pleure la fin de Brendan Sanchez. On jure de continuer \u00e0 porter son message. Son mouvement, qui avait d\u00e9j\u00e0 les contours d\u2019une religion, en prend alors les dimensions v\u00e9ritables. Un constat r\u00e9jouissant amplifie le ph\u00e9nom\u00e8ne\u00a0: les \u00e9missions de gaz carbonique ont enfin commenc\u00e9 \u00e0 d\u00e9cliner, et la hausse des temp\u00e9ratures mondiale semble se stabiliser. Brendan Sanchez est \u00e9rig\u00e9 au panth\u00e9on des sauveurs de l\u2019humanit\u00e9.<\/p>\n<p class=\"p1\">Dans la nouvelle religion, diff\u00e9rentes doctrines sont en concurrence. L\u2019orthodoxie, qui rallie la plupart des dizaines de millions de fid\u00e8les, \u00e9vacue toute dimension surnaturelle pour se concentrer sur la biographie document\u00e9e et l\u2019apport spirituel de Brendan Sanchez. Mais un autre courant fait son apparition et, petit \u00e0 petit, gagne en popularit\u00e9. Selon lui, Brendan serait toujours en vie avec ses quatorze disciples. Ils auraient trouv\u00e9, au milieu de l\u2019Atlantique, l\u2019inaccessible jardin d\u2019\u00c9den. Ils y m\u00e8neraient, depuis, une existence de moine, simple mais riche, \u00e0 l\u2019\u00e9cart du monde qu\u2019ils ont contribu\u00e9 \u00e0 sauver de lui-m\u00eame.<\/p>\n","protected":false},"excerpt":{"rendered":"<p>D\u00e9tail d&rsquo;une carte du nord-ouest de l&rsquo;Afrique par Guillaume Delisle (1707). L&rsquo;\u00eele de Saint-Brendan (\u00ab St. Borondon \u00bb) est en le parage \u00e0 gauche en dessous du mot \u00ab quelques\u00a0\u00bb. <a href=\"https:\/\/etiennefd.com\/cteniq\/ile-de-saint-brendan\/\" class=\"more-link\">[&hellip;]<\/a><\/p>\n","protected":false},"author":1,"featured_media":0,"comment_status":"open","ping_status":"open","sticky":false,"template":"","format":"standard","meta":{"Layout":"","footnotes":""},"categories":[11],"tags":[35,31],"class_list":["entry","author-steb","post-738","post","type-post","status-publish","format-standard","category-fiction","tag-atlas-des-iles-fantomes","tag-cartographie"],"yoast_head":"<!-- This site is optimized with the Yoast SEO plugin v27.5 - https:\/\/yoast.com\/product\/yoast-seo-wordpress\/ -->\n<title>L\u2019\u00eele de Saint-Brendan - Cartographier tout et n\u2019importe quoi<\/title>\n<meta name=\"robots\" content=\"index, follow, max-snippet:-1, max-image-preview:large, max-video-preview:-1\" \/>\n<link rel=\"canonical\" href=\"https:\/\/etiennefd.com\/cteniq\/ile-de-saint-brendan\/\" \/>\n<meta property=\"og:locale\" content=\"fr_FR\" \/>\n<meta property=\"og:type\" content=\"article\" \/>\n<meta property=\"og:title\" content=\"L\u2019\u00eele de Saint-Brendan - Cartographier tout et n\u2019importe quoi\" \/>\n<meta property=\"og:description\" content=\"D\u00e9tail d&rsquo;une carte du nord-ouest de l&rsquo;Afrique par Guillaume Delisle (1707). L&rsquo;\u00eele de Saint-Brendan (\u00ab St. Borondon \u00bb) est en le parage \u00e0 gauche en dessous du mot \u00ab quelques\u00a0\u00bb. [&hellip;]\" \/>\n<meta property=\"og:url\" content=\"https:\/\/etiennefd.com\/cteniq\/ile-de-saint-brendan\/\" \/>\n<meta property=\"og:site_name\" content=\"Cartographier tout et n\u2019importe quoi\" \/>\n<meta property=\"article:published_time\" content=\"2019-09-08T20:07:03+00:00\" \/>\n<meta property=\"article:modified_time\" content=\"2020-09-03T16:56:57+00:00\" \/>\n<meta property=\"og:image\" content=\"https:\/\/etiennefd.com\/cteniq\/wp-content\/uploads\/sites\/1\/2019\/08\/5.-saint-brendan-1024x522.png\" \/>\n<meta name=\"author\" content=\"\u00c9tienne\" \/>\n<meta name=\"twitter:card\" content=\"summary_large_image\" \/>\n<meta name=\"twitter:label1\" content=\"\u00c9crit par\" \/>\n\t<meta name=\"twitter:data1\" content=\"\u00c9tienne\" \/>\n\t<meta name=\"twitter:label2\" content=\"Dur\u00e9e de lecture estim\u00e9e\" \/>\n\t<meta name=\"twitter:data2\" content=\"7 minutes\" \/>\n<script type=\"application\/ld+json\" class=\"yoast-schema-graph\">{\"@context\":\"https:\\\/\\\/schema.org\",\"@graph\":[{\"@type\":\"Article\",\"@id\":\"https:\\\/\\\/etiennefd.com\\\/cteniq\\\/ile-de-saint-brendan\\\/#article\",\"isPartOf\":{\"@id\":\"https:\\\/\\\/etiennefd.com\\\/cteniq\\\/ile-de-saint-brendan\\\/\"},\"author\":{\"name\":\"\u00c9tienne\",\"@id\":\"https:\\\/\\\/etiennefd.com\\\/cteniq\\\/#\\\/schema\\\/person\\\/b568795c4bc7d5981b1ce8105a47cc50\"},\"headline\":\"L\u2019\u00eele de Saint-Brendan\",\"datePublished\":\"2019-09-08T20:07:03+00:00\",\"dateModified\":\"2020-09-03T16:56:57+00:00\",\"mainEntityOfPage\":{\"@id\":\"https:\\\/\\\/etiennefd.com\\\/cteniq\\\/ile-de-saint-brendan\\\/\"},\"wordCount\":1306,\"commentCount\":1,\"image\":{\"@id\":\"https:\\\/\\\/etiennefd.com\\\/cteniq\\\/ile-de-saint-brendan\\\/#primaryimage\"},\"thumbnailUrl\":\"https:\\\/\\\/etiennefd.com\\\/cteniq\\\/wp-content\\\/uploads\\\/sites\\\/1\\\/2019\\\/08\\\/5.-saint-brendan-1024x522.png\",\"keywords\":[\"atlas des \u00eeles fant\u00f4mes\",\"cartographie\"],\"articleSection\":[\"fiction\"],\"inLanguage\":\"fr-FR\",\"potentialAction\":[{\"@type\":\"CommentAction\",\"name\":\"Comment\",\"target\":[\"https:\\\/\\\/etiennefd.com\\\/cteniq\\\/ile-de-saint-brendan\\\/#respond\"]}]},{\"@type\":\"WebPage\",\"@id\":\"https:\\\/\\\/etiennefd.com\\\/cteniq\\\/ile-de-saint-brendan\\\/\",\"url\":\"https:\\\/\\\/etiennefd.com\\\/cteniq\\\/ile-de-saint-brendan\\\/\",\"name\":\"L\u2019\u00eele de Saint-Brendan - Cartographier tout et n\u2019importe quoi\",\"isPartOf\":{\"@id\":\"https:\\\/\\\/etiennefd.com\\\/cteniq\\\/#website\"},\"primaryImageOfPage\":{\"@id\":\"https:\\\/\\\/etiennefd.com\\\/cteniq\\\/ile-de-saint-brendan\\\/#primaryimage\"},\"image\":{\"@id\":\"https:\\\/\\\/etiennefd.com\\\/cteniq\\\/ile-de-saint-brendan\\\/#primaryimage\"},\"thumbnailUrl\":\"https:\\\/\\\/etiennefd.com\\\/cteniq\\\/wp-content\\\/uploads\\\/sites\\\/1\\\/2019\\\/08\\\/5.-saint-brendan-1024x522.png\",\"datePublished\":\"2019-09-08T20:07:03+00:00\",\"dateModified\":\"2020-09-03T16:56:57+00:00\",\"author\":{\"@id\":\"https:\\\/\\\/etiennefd.com\\\/cteniq\\\/#\\\/schema\\\/person\\\/b568795c4bc7d5981b1ce8105a47cc50\"},\"breadcrumb\":{\"@id\":\"https:\\\/\\\/etiennefd.com\\\/cteniq\\\/ile-de-saint-brendan\\\/#breadcrumb\"},\"inLanguage\":\"fr-FR\",\"potentialAction\":[{\"@type\":\"ReadAction\",\"target\":[\"https:\\\/\\\/etiennefd.com\\\/cteniq\\\/ile-de-saint-brendan\\\/\"]}]},{\"@type\":\"ImageObject\",\"inLanguage\":\"fr-FR\",\"@id\":\"https:\\\/\\\/etiennefd.com\\\/cteniq\\\/ile-de-saint-brendan\\\/#primaryimage\",\"url\":\"https:\\\/\\\/etiennefd.com\\\/cteniq\\\/wp-content\\\/uploads\\\/sites\\\/1\\\/2019\\\/08\\\/5.-saint-brendan.png\",\"contentUrl\":\"https:\\\/\\\/etiennefd.com\\\/cteniq\\\/wp-content\\\/uploads\\\/sites\\\/1\\\/2019\\\/08\\\/5.-saint-brendan.png\",\"width\":1148,\"height\":585},{\"@type\":\"BreadcrumbList\",\"@id\":\"https:\\\/\\\/etiennefd.com\\\/cteniq\\\/ile-de-saint-brendan\\\/#breadcrumb\",\"itemListElement\":[{\"@type\":\"ListItem\",\"position\":1,\"name\":\"Home\",\"item\":\"https:\\\/\\\/etiennefd.com\\\/cteniq\\\/\"},{\"@type\":\"ListItem\",\"position\":2,\"name\":\"L\u2019\u00eele de Saint-Brendan\"}]},{\"@type\":\"WebSite\",\"@id\":\"https:\\\/\\\/etiennefd.com\\\/cteniq\\\/#website\",\"url\":\"https:\\\/\\\/etiennefd.com\\\/cteniq\\\/\",\"name\":\"Cartographier tout et n\u2019importe quoi\",\"description\":\"y compris (et surtout) des lieux qui n&#039;existent pas\",\"potentialAction\":[{\"@type\":\"SearchAction\",\"target\":{\"@type\":\"EntryPoint\",\"urlTemplate\":\"https:\\\/\\\/etiennefd.com\\\/cteniq\\\/?s={search_term_string}\"},\"query-input\":{\"@type\":\"PropertyValueSpecification\",\"valueRequired\":true,\"valueName\":\"search_term_string\"}}],\"inLanguage\":\"fr-FR\"},{\"@type\":\"Person\",\"@id\":\"https:\\\/\\\/etiennefd.com\\\/cteniq\\\/#\\\/schema\\\/person\\\/b568795c4bc7d5981b1ce8105a47cc50\",\"name\":\"\u00c9tienne\",\"image\":{\"@type\":\"ImageObject\",\"inLanguage\":\"fr-FR\",\"@id\":\"https:\\\/\\\/secure.gravatar.com\\\/avatar\\\/1333943e77caca64b7d1071e8a2ab0629223f8e60531e4ec83372f4d2e3c1374?s=96&d=mm&r=g\",\"url\":\"https:\\\/\\\/secure.gravatar.com\\\/avatar\\\/1333943e77caca64b7d1071e8a2ab0629223f8e60531e4ec83372f4d2e3c1374?s=96&d=mm&r=g\",\"contentUrl\":\"https:\\\/\\\/secure.gravatar.com\\\/avatar\\\/1333943e77caca64b7d1071e8a2ab0629223f8e60531e4ec83372f4d2e3c1374?s=96&d=mm&r=g\",\"caption\":\"\u00c9tienne\"},\"url\":\"https:\\\/\\\/etiennefd.com\\\/cteniq\\\/author\\\/steb\\\/\"}]}<\/script>\n<!-- \/ Yoast SEO plugin. -->","yoast_head_json":{"title":"L\u2019\u00eele de Saint-Brendan - Cartographier tout et n\u2019importe quoi","robots":{"index":"index","follow":"follow","max-snippet":"max-snippet:-1","max-image-preview":"max-image-preview:large","max-video-preview":"max-video-preview:-1"},"canonical":"https:\/\/etiennefd.com\/cteniq\/ile-de-saint-brendan\/","og_locale":"fr_FR","og_type":"article","og_title":"L\u2019\u00eele de Saint-Brendan - Cartographier tout et n\u2019importe quoi","og_description":"D\u00e9tail d&rsquo;une carte du nord-ouest de l&rsquo;Afrique par Guillaume Delisle (1707). L&rsquo;\u00eele de Saint-Brendan (\u00ab St. Borondon \u00bb) est en le parage \u00e0 gauche en dessous du mot \u00ab quelques\u00a0\u00bb. [&hellip;]","og_url":"https:\/\/etiennefd.com\/cteniq\/ile-de-saint-brendan\/","og_site_name":"Cartographier tout et n\u2019importe quoi","article_published_time":"2019-09-08T20:07:03+00:00","article_modified_time":"2020-09-03T16:56:57+00:00","og_image":[{"url":"https:\/\/etiennefd.com\/cteniq\/wp-content\/uploads\/sites\/1\/2019\/08\/5.-saint-brendan-1024x522.png","type":"","width":"","height":""}],"author":"\u00c9tienne","twitter_card":"summary_large_image","twitter_misc":{"\u00c9crit par":"\u00c9tienne","Dur\u00e9e de lecture estim\u00e9e":"7 minutes"},"schema":{"@context":"https:\/\/schema.org","@graph":[{"@type":"Article","@id":"https:\/\/etiennefd.com\/cteniq\/ile-de-saint-brendan\/#article","isPartOf":{"@id":"https:\/\/etiennefd.com\/cteniq\/ile-de-saint-brendan\/"},"author":{"name":"\u00c9tienne","@id":"https:\/\/etiennefd.com\/cteniq\/#\/schema\/person\/b568795c4bc7d5981b1ce8105a47cc50"},"headline":"L\u2019\u00eele de Saint-Brendan","datePublished":"2019-09-08T20:07:03+00:00","dateModified":"2020-09-03T16:56:57+00:00","mainEntityOfPage":{"@id":"https:\/\/etiennefd.com\/cteniq\/ile-de-saint-brendan\/"},"wordCount":1306,"commentCount":1,"image":{"@id":"https:\/\/etiennefd.com\/cteniq\/ile-de-saint-brendan\/#primaryimage"},"thumbnailUrl":"https:\/\/etiennefd.com\/cteniq\/wp-content\/uploads\/sites\/1\/2019\/08\/5.-saint-brendan-1024x522.png","keywords":["atlas des \u00eeles fant\u00f4mes","cartographie"],"articleSection":["fiction"],"inLanguage":"fr-FR","potentialAction":[{"@type":"CommentAction","name":"Comment","target":["https:\/\/etiennefd.com\/cteniq\/ile-de-saint-brendan\/#respond"]}]},{"@type":"WebPage","@id":"https:\/\/etiennefd.com\/cteniq\/ile-de-saint-brendan\/","url":"https:\/\/etiennefd.com\/cteniq\/ile-de-saint-brendan\/","name":"L\u2019\u00eele de Saint-Brendan - Cartographier tout et n\u2019importe quoi","isPartOf":{"@id":"https:\/\/etiennefd.com\/cteniq\/#website"},"primaryImageOfPage":{"@id":"https:\/\/etiennefd.com\/cteniq\/ile-de-saint-brendan\/#primaryimage"},"image":{"@id":"https:\/\/etiennefd.com\/cteniq\/ile-de-saint-brendan\/#primaryimage"},"thumbnailUrl":"https:\/\/etiennefd.com\/cteniq\/wp-content\/uploads\/sites\/1\/2019\/08\/5.-saint-brendan-1024x522.png","datePublished":"2019-09-08T20:07:03+00:00","dateModified":"2020-09-03T16:56:57+00:00","author":{"@id":"https:\/\/etiennefd.com\/cteniq\/#\/schema\/person\/b568795c4bc7d5981b1ce8105a47cc50"},"breadcrumb":{"@id":"https:\/\/etiennefd.com\/cteniq\/ile-de-saint-brendan\/#breadcrumb"},"inLanguage":"fr-FR","potentialAction":[{"@type":"ReadAction","target":["https:\/\/etiennefd.com\/cteniq\/ile-de-saint-brendan\/"]}]},{"@type":"ImageObject","inLanguage":"fr-FR","@id":"https:\/\/etiennefd.com\/cteniq\/ile-de-saint-brendan\/#primaryimage","url":"https:\/\/etiennefd.com\/cteniq\/wp-content\/uploads\/sites\/1\/2019\/08\/5.-saint-brendan.png","contentUrl":"https:\/\/etiennefd.com\/cteniq\/wp-content\/uploads\/sites\/1\/2019\/08\/5.-saint-brendan.png","width":1148,"height":585},{"@type":"BreadcrumbList","@id":"https:\/\/etiennefd.com\/cteniq\/ile-de-saint-brendan\/#breadcrumb","itemListElement":[{"@type":"ListItem","position":1,"name":"Home","item":"https:\/\/etiennefd.com\/cteniq\/"},{"@type":"ListItem","position":2,"name":"L\u2019\u00eele de Saint-Brendan"}]},{"@type":"WebSite","@id":"https:\/\/etiennefd.com\/cteniq\/#website","url":"https:\/\/etiennefd.com\/cteniq\/","name":"Cartographier tout et n\u2019importe quoi","description":"y compris (et surtout) des lieux qui n&#039;existent pas","potentialAction":[{"@type":"SearchAction","target":{"@type":"EntryPoint","urlTemplate":"https:\/\/etiennefd.com\/cteniq\/?s={search_term_string}"},"query-input":{"@type":"PropertyValueSpecification","valueRequired":true,"valueName":"search_term_string"}}],"inLanguage":"fr-FR"},{"@type":"Person","@id":"https:\/\/etiennefd.com\/cteniq\/#\/schema\/person\/b568795c4bc7d5981b1ce8105a47cc50","name":"\u00c9tienne","image":{"@type":"ImageObject","inLanguage":"fr-FR","@id":"https:\/\/secure.gravatar.com\/avatar\/1333943e77caca64b7d1071e8a2ab0629223f8e60531e4ec83372f4d2e3c1374?s=96&d=mm&r=g","url":"https:\/\/secure.gravatar.com\/avatar\/1333943e77caca64b7d1071e8a2ab0629223f8e60531e4ec83372f4d2e3c1374?s=96&d=mm&r=g","contentUrl":"https:\/\/secure.gravatar.com\/avatar\/1333943e77caca64b7d1071e8a2ab0629223f8e60531e4ec83372f4d2e3c1374?s=96&d=mm&r=g","caption":"\u00c9tienne"},"url":"https:\/\/etiennefd.com\/cteniq\/author\/steb\/"}]}},"_links":{"self":[{"href":"https:\/\/etiennefd.com\/cteniq\/wp-json\/wp\/v2\/posts\/738","targetHints":{"allow":["GET"]}}],"collection":[{"href":"https:\/\/etiennefd.com\/cteniq\/wp-json\/wp\/v2\/posts"}],"about":[{"href":"https:\/\/etiennefd.com\/cteniq\/wp-json\/wp\/v2\/types\/post"}],"author":[{"embeddable":true,"href":"https:\/\/etiennefd.com\/cteniq\/wp-json\/wp\/v2\/users\/1"}],"replies":[{"embeddable":true,"href":"https:\/\/etiennefd.com\/cteniq\/wp-json\/wp\/v2\/comments?post=738"}],"version-history":[{"count":10,"href":"https:\/\/etiennefd.com\/cteniq\/wp-json\/wp\/v2\/posts\/738\/revisions"}],"predecessor-version":[{"id":1361,"href":"https:\/\/etiennefd.com\/cteniq\/wp-json\/wp\/v2\/posts\/738\/revisions\/1361"}],"wp:attachment":[{"href":"https:\/\/etiennefd.com\/cteniq\/wp-json\/wp\/v2\/media?parent=738"}],"wp:term":[{"taxonomy":"category","embeddable":true,"href":"https:\/\/etiennefd.com\/cteniq\/wp-json\/wp\/v2\/categories?post=738"},{"taxonomy":"post_tag","embeddable":true,"href":"https:\/\/etiennefd.com\/cteniq\/wp-json\/wp\/v2\/tags?post=738"}],"curies":[{"name":"wp","href":"https:\/\/api.w.org\/{rel}","templated":true}]}}