{"id":707,"date":"2019-12-31T13:48:31","date_gmt":"2019-12-31T18:48:31","guid":{"rendered":"https:\/\/etiennefd.com\/cteniq\/?p=707"},"modified":"2020-09-03T13:07:51","modified_gmt":"2020-09-03T17:07:51","slug":"ile-des-demons","status":"publish","type":"post","link":"https:\/\/etiennefd.com\/cteniq\/ile-des-demons\/","title":{"rendered":"L&rsquo;\u00eele des D\u00e9mons"},"content":{"rendered":"<p><img loading=\"lazy\" decoding=\"async\" class=\"aligncenter wp-image-1354 size-full\" src=\"https:\/\/etiennefd.com\/cteniq\/wp-content\/uploads\/sites\/1\/2019\/08\/11.-i\u0302le-des-de\u0301mons.png\" alt=\"\" width=\"876\" height=\"633\" srcset=\"https:\/\/etiennefd.com\/cteniq\/wp-content\/uploads\/sites\/1\/2019\/08\/11.-i\u0302le-des-de\u0301mons.png 876w, https:\/\/etiennefd.com\/cteniq\/wp-content\/uploads\/sites\/1\/2019\/08\/11.-i\u0302le-des-de\u0301mons-300x217.png 300w, https:\/\/etiennefd.com\/cteniq\/wp-content\/uploads\/sites\/1\/2019\/08\/11.-i\u0302le-des-de\u0301mons-768x555.png 768w, https:\/\/etiennefd.com\/cteniq\/wp-content\/uploads\/sites\/1\/2019\/08\/11.-i\u0302le-des-de\u0301mons-692x500.png 692w\" sizes=\"auto, (max-width: 876px) 100vw, 876px\" \/><\/p>\n<p style=\"text-align: center;\"><em><span style=\"font-size: 10pt;\">Carte de la Nouvelle-France et de Terre-Neuve de Giacomo Gastaldi, 1556. L\u2019\u00ab\u00a0Isola de\u00a0Demoni\u00a0\u00bb est quelques \u00eeles en haut de Terra Nova. Je dis \u00ab\u00a0en haut\u00a0\u00bb parce que je suis pas 100\u00a0% s\u00fbr que c\u2019est vers le nord.<\/span><\/em><\/p>\n<ul>\n<li class=\"p2\"><span class=\"s1\">O\u00f9 : pr\u00e8s de Terre-Neuve, l\u00e0 o\u00f9 se situent l\u2019<a href=\"https:\/\/fr.wikipedia.org\/wiki\/%C3%8Ele_Quirpon\">\u00eele Quirpon<\/a> ou <a href=\"https:\/\/fr.wikipedia.org\/wiki\/Belle_Isle_(Terre-Neuve-et-Labrador)\">Belle Isle<\/a>.\u00a0<\/span><\/li>\n<li class=\"p2\"><span class=\"s1\">Quand : du d\u00e9but du XVIe si\u00e8cle \u00e0 la moiti\u00e9 du XVIIe.<\/span><\/li>\n<li class=\"p2\"><span class=\"s1\">Aussi associ\u00e9e avec\u00a0: Satanazes, une autre \u00eele fant\u00f4me en lien avec le diable; et <a href=\"https:\/\/fr.wikipedia.org\/wiki\/Harrington_Harbour\">l\u2019\u00eele Harrington<\/a>, sur la C\u00f4te-Nord<sup class=\"modern-footnotes-footnote \" data-mfn=\"1\" data-mfn-post-scope=\"0000000004e0af6a0000000066540dfc_707\"><a href=\"javascript:void(0)\"  role=\"button\" aria-pressed=\"false\" aria-describedby=\"mfn-content-0000000004e0af6a0000000066540dfc_707-1\">1<\/a><\/sup><span id=\"mfn-content-0000000004e0af6a0000000066540dfc_707-1\" role=\"tooltip\" class=\"modern-footnotes-footnote__note\" tabindex=\"0\" data-mfn=\"1\">o\u00f9 se trouve le village de Harrington Harbour, lieu de tournage, notamment, de <em>La Grande S\u00e9duction<\/em><\/span>, qui serait l\u2019\u00eele des D\u00e9mons o\u00f9 a \u00e9t\u00e9 abandonn\u00e9e Marguerite de La Rocque par son oncle Jean-Fran\u00e7ois de La Rocque de Roberval en 1542.<\/span><\/li>\n<\/ul>\n<p class=\"p3\" style=\"text-align: center;\"><span class=\"s1\">\/\/<\/span><\/p>\n<p>Ils \u00e9taient tous morts, ses trois compagnons, et d\u00e9sormais Marguerite \u00e9tait seule dans l\u2019\u00eele des D\u00e9mons.<\/p>\n<p>Son amant, Fran\u00e7ois, \u00e9tait mort le premier. Il s\u2019\u00e9tait battu, quand le scandale avait \u00e9clat\u00e9 sur le navire. Il l\u2019avait d\u00e9fendue. Un grand courage. Mais nul ne pouvait longtemps s\u2019opposer \u00e0 l\u2019autorit\u00e9 de Roberval. Cet oncle \u00e9tait un homme cruel, puritain et cupide, qui avait pourtant su gagner la loyaut\u00e9 de son \u00e9quipage; et Marguerite et Fran\u00e7ois trouv\u00e8rent peu d\u2019alli\u00e9s, hormis Damienne, la servante, lorsque vint l\u2019affrontement. Dans la bagarre, Fran\u00e7ois fut bless\u00e9 \u00e0 la t\u00eate. Cela semblait sans gravit\u00e9, mais dans l\u2019aust\u00e9rit\u00e9 sauvage de l\u2019\u00eele des D\u00e9mons, son \u00e9tat empira. Les premiers jours de leur abandon, il allait bien, il chassait, il aimait. Puis les d\u00e9lires commenc\u00e8rent. Ils ne cess\u00e8rent qu\u2019avec sa respiration, \u00e0 l\u2019approche de l\u2019automne, apr\u00e8s plusieurs semaines de soins constants. Damienne et Marguerite l\u2019inhum\u00e8rent dans une crevasse, \u00e0 bonne distance de la grotte.<\/p>\n<p>L\u2019\u00eatre sans nom \u00e9tait mort en deuxi\u00e8me. Une fille, n\u00e9e \u00e0 la fin du premier hiver. Une petite chose ch\u00e9tive et mal nourrie, car le lait que lui donnait sa m\u00e8re \u00e9tait clair. Marguerite ne put se r\u00e9soudre \u00e0 nommer cette enfant qu\u2019elle savait condamn\u00e9e. Damienne s\u2019en occupa comme elle put, mais l\u2019\u00eatre sans nom mourut \u00e0 l\u2019\u00e2ge de deux semaines sans avoir re\u00e7u les sacrements du bapt\u00eame ni vu autre chose que les rochers d\u00e9sol\u00e9s de la mer des Terres Neuves. Marguerite d\u00e9posa l\u2019\u00eatre sans nom aux c\u00f4t\u00e9s des ossements de son p\u00e8re\u00a0: l\u2019amour et le fruit de cet amour, an\u00e9antis par la m\u00e9chancet\u00e9 des hommes et l\u2019indiff\u00e9rence brutale de ce pays maudit.<\/p>\n<p>Damienne mourut la troisi\u00e8me, au milieu du deuxi\u00e8me hiver. \u00c0 ce stade, les deux survivantes avaient \u00e9puis\u00e9 depuis longtemps la poudre \u00e0 canon que leur avait laiss\u00e9e Roberval, et la chasse se faisait laborieusement, en utilisant les fusils comme des massues. La p\u00eache et la trappe \u00e9taient plus efficaces, mais la faim les guettait, pr\u00eate \u00e0 les happer au moindre faux pas. Damienne, qui avait la plus grande admiration pour sa ma\u00eetresse, insistait souvent pour lui donner sa ration. Marguerite s\u2019\u00e9mouvait de ce sacrifice et, au d\u00e9but, le refusait. Or la faim refermait son emprise sur elle. Bient\u00f4t Marguerite d\u00e9vora la moiti\u00e9 de la viande qui aurait d\u00fb nourrir sa servante, et alla m\u00eame jusqu\u2019\u00e0 lui cacher les produits de sa chasse. Damienne, peu \u00e0 peu, s\u2019\u00e9teignit. Lorsque Marguerite s\u2019en rendit compte et voulut se sacrifier \u00e0 son tour, il \u00e9tait trop tard.<\/p>\n<p>Marguerite \u00e9tait donc d\u00e9sormais seule dans l\u2019\u00eele des D\u00e9mons.<\/p>\n<p>Le vent soufflait sur la roche glac\u00e9e. Une neige \u00e9paisse oblit\u00e9rait le paysage. Il fallait d\u00e9placer le corps de Damienne dans la crevasse, avec les autres, mais Marguerite n\u2019avait plus la force n\u00e9cessaire. Marguerite d\u00e9cida d\u2019attendre au printemps. Alors elle v\u00e9cut seule dans sa grotte exigu\u00eb, dont l\u2019entr\u00e9e \u00e9tait gard\u00e9e par un cadavre, qui, \u00e0 cause du froid, ne se corrompait pas.<\/p>\n<p>Marguerite pensa se laisser d\u00e9p\u00e9rir. La r\u00e9serve de nourriture diminuait plus vite qu\u2019elle ne pouvait l\u2019approvisionner. Il restait encore plusieurs mois d\u2019hiver avant que les neiges fondent, que le poisson puisse \u00eatre pris, que les arbustes se couvrent de petits fruits. Plusieurs mois avant qu\u2019elle puisse esp\u00e9rer le passage d\u2019un navire, qu\u2019il s\u2019agisse de p\u00eacheurs basques ou de son oncle, qui, sa colonie \u00e9tablie, serait pris de remords et reviendrait la chercher.<\/p>\n<p>Mais non\u00a0: Roberval n\u2019\u00e9tait pas du genre \u00e0 regretter. Au contraire, il esp\u00e9rait sans doute s\u2019\u00eatre d\u00e9barrass\u00e9 d\u2019elle pour de bon, afin, lors de son retour en France, de profiter de sa fortune h\u00e9rit\u00e9e. Sa mort serait pour lui une victoire. Elle ne la lui donnerait pas.<\/p>\n<p>Marguerite alluma un bon feu, plus gros que la raison le permettait, car le bois se faisait rare. Elle s\u2019arma d\u2019une pierre effil\u00e9e et sortit de la grotte. Le cadavre de la du\u00e8gne \u00e9tait toujours l\u00e0, en position assise, prot\u00e9g\u00e9 de la neige mais pas du gel. Marguerite se mit \u00e0 frapper dans le creux du coude de Damienne avec le tranchant de la pierre. L\u2019avant-bras se d\u00e9tacha. De retour dans son abri, Marguerite le mit \u00e0 r\u00f4tir et en mangea un morceau.<\/p>\n<p>Quelques instants plus tard, elle vomit. Mais la faim est une dure ma\u00eetresse, et Marguerite pers\u00e9v\u00e9ra. Elle avala toute la chair, jusqu\u2019aux phalanges de la main. Ceci fait, elle retourna dehors et tailla le corps de Damienne en pi\u00e8ces, qu\u2019elle fit conserver par le froid. Elle les consomma un \u00e0 un au cours des semaines suivantes. Elle regretta de n\u2019avoir pas r\u00e9serv\u00e9 le m\u00eame traitement \u00e0 Fran\u00e7ois. L\u2019\u00eatre sans nom aurait peut-\u00eatre v\u00e9cu, si, comme un insecte, elle e\u00fbt d\u00e9vor\u00e9 son amant.<\/p>\n<p>Les marins appelaient cet endroit l\u2019\u00eele des D\u00e9mons, mais pourquoi, Marguerite n\u2019avait jamais compris. Ce caillou dans la mer ressemblait en tous points aux autres. Pas de cr\u00e9atures infernales, ni m\u00eame de Sauvages. Que la d\u00e9solation. La neige. La solitude.<\/p>\n<p>Pourtant, les d\u00e9mons r\u00f4daient bel et bien. Marguerite venait de faire leur connaissance.<\/p>\n<p>Elle n\u2019\u00e9tait plus seule.<\/p>\n","protected":false},"excerpt":{"rendered":"<p>Carte de la Nouvelle-France et de Terre-Neuve de Giacomo Gastaldi, 1556. L\u2019\u00ab\u00a0Isola de\u00a0Demoni\u00a0\u00bb est quelques \u00eeles en haut de Terra Nova. Je dis \u00ab\u00a0en haut\u00a0\u00bb parce que je suis pas <a href=\"https:\/\/etiennefd.com\/cteniq\/ile-des-demons\/\" class=\"more-link\">[&hellip;]<\/a><\/p>\n","protected":false},"author":1,"featured_media":0,"comment_status":"open","ping_status":"open","sticky":false,"template":"","format":"standard","meta":{"Layout":"","footnotes":""},"categories":[11],"tags":[35,31],"class_list":["entry","author-steb","post-707","post","type-post","status-publish","format-standard","category-fiction","tag-atlas-des-iles-fantomes","tag-cartographie"],"yoast_head":"<!-- This site is optimized with the Yoast SEO plugin v27.5 - https:\/\/yoast.com\/product\/yoast-seo-wordpress\/ -->\n<title>L&#039;\u00eele des D\u00e9mons - Cartographier tout et n\u2019importe quoi<\/title>\n<meta name=\"robots\" content=\"index, follow, max-snippet:-1, max-image-preview:large, max-video-preview:-1\" \/>\n<link rel=\"canonical\" href=\"https:\/\/etiennefd.com\/cteniq\/ile-des-demons\/\" \/>\n<meta property=\"og:locale\" content=\"fr_FR\" \/>\n<meta property=\"og:type\" content=\"article\" \/>\n<meta property=\"og:title\" content=\"L&#039;\u00eele des D\u00e9mons - Cartographier tout et n\u2019importe quoi\" \/>\n<meta property=\"og:description\" content=\"Carte de la Nouvelle-France et de Terre-Neuve de Giacomo Gastaldi, 1556. L\u2019\u00ab\u00a0Isola de\u00a0Demoni\u00a0\u00bb est quelques \u00eeles en haut de Terra Nova. Je dis \u00ab\u00a0en haut\u00a0\u00bb parce que je suis pas [&hellip;]\" \/>\n<meta property=\"og:url\" content=\"https:\/\/etiennefd.com\/cteniq\/ile-des-demons\/\" \/>\n<meta property=\"og:site_name\" content=\"Cartographier tout et n\u2019importe quoi\" \/>\n<meta property=\"article:published_time\" content=\"2019-12-31T18:48:31+00:00\" \/>\n<meta property=\"article:modified_time\" content=\"2020-09-03T17:07:51+00:00\" \/>\n<meta property=\"og:image\" content=\"https:\/\/etiennefd.com\/cteniq\/wp-content\/uploads\/sites\/1\/2019\/08\/11.-i\u0302le-des-de\u0301mons.png\" \/>\n<meta name=\"author\" content=\"\u00c9tienne\" \/>\n<meta name=\"twitter:card\" content=\"summary_large_image\" \/>\n<meta name=\"twitter:label1\" content=\"\u00c9crit par\" \/>\n\t<meta name=\"twitter:data1\" content=\"\u00c9tienne\" \/>\n\t<meta name=\"twitter:label2\" content=\"Dur\u00e9e de lecture estim\u00e9e\" \/>\n\t<meta name=\"twitter:data2\" content=\"5 minutes\" \/>\n<script type=\"application\/ld+json\" class=\"yoast-schema-graph\">{\"@context\":\"https:\\\/\\\/schema.org\",\"@graph\":[{\"@type\":\"Article\",\"@id\":\"https:\\\/\\\/etiennefd.com\\\/cteniq\\\/ile-des-demons\\\/#article\",\"isPartOf\":{\"@id\":\"https:\\\/\\\/etiennefd.com\\\/cteniq\\\/ile-des-demons\\\/\"},\"author\":{\"name\":\"\u00c9tienne\",\"@id\":\"https:\\\/\\\/etiennefd.com\\\/cteniq\\\/#\\\/schema\\\/person\\\/b568795c4bc7d5981b1ce8105a47cc50\"},\"headline\":\"L&rsquo;\u00eele des D\u00e9mons\",\"datePublished\":\"2019-12-31T18:48:31+00:00\",\"dateModified\":\"2020-09-03T17:07:51+00:00\",\"mainEntityOfPage\":{\"@id\":\"https:\\\/\\\/etiennefd.com\\\/cteniq\\\/ile-des-demons\\\/\"},\"wordCount\":1076,\"commentCount\":1,\"keywords\":[\"atlas des \u00eeles fant\u00f4mes\",\"cartographie\"],\"articleSection\":[\"fiction\"],\"inLanguage\":\"fr-FR\",\"potentialAction\":[{\"@type\":\"CommentAction\",\"name\":\"Comment\",\"target\":[\"https:\\\/\\\/etiennefd.com\\\/cteniq\\\/ile-des-demons\\\/#respond\"]}]},{\"@type\":\"WebPage\",\"@id\":\"https:\\\/\\\/etiennefd.com\\\/cteniq\\\/ile-des-demons\\\/\",\"url\":\"https:\\\/\\\/etiennefd.com\\\/cteniq\\\/ile-des-demons\\\/\",\"name\":\"L'\u00eele des D\u00e9mons - Cartographier tout et n\u2019importe quoi\",\"isPartOf\":{\"@id\":\"https:\\\/\\\/etiennefd.com\\\/cteniq\\\/#website\"},\"datePublished\":\"2019-12-31T18:48:31+00:00\",\"dateModified\":\"2020-09-03T17:07:51+00:00\",\"author\":{\"@id\":\"https:\\\/\\\/etiennefd.com\\\/cteniq\\\/#\\\/schema\\\/person\\\/b568795c4bc7d5981b1ce8105a47cc50\"},\"breadcrumb\":{\"@id\":\"https:\\\/\\\/etiennefd.com\\\/cteniq\\\/ile-des-demons\\\/#breadcrumb\"},\"inLanguage\":\"fr-FR\",\"potentialAction\":[{\"@type\":\"ReadAction\",\"target\":[\"https:\\\/\\\/etiennefd.com\\\/cteniq\\\/ile-des-demons\\\/\"]}]},{\"@type\":\"BreadcrumbList\",\"@id\":\"https:\\\/\\\/etiennefd.com\\\/cteniq\\\/ile-des-demons\\\/#breadcrumb\",\"itemListElement\":[{\"@type\":\"ListItem\",\"position\":1,\"name\":\"Home\",\"item\":\"https:\\\/\\\/etiennefd.com\\\/cteniq\\\/\"},{\"@type\":\"ListItem\",\"position\":2,\"name\":\"L&rsquo;\u00eele des D\u00e9mons\"}]},{\"@type\":\"WebSite\",\"@id\":\"https:\\\/\\\/etiennefd.com\\\/cteniq\\\/#website\",\"url\":\"https:\\\/\\\/etiennefd.com\\\/cteniq\\\/\",\"name\":\"Cartographier tout et n\u2019importe quoi\",\"description\":\"y compris (et surtout) des lieux qui n&#039;existent pas\",\"potentialAction\":[{\"@type\":\"SearchAction\",\"target\":{\"@type\":\"EntryPoint\",\"urlTemplate\":\"https:\\\/\\\/etiennefd.com\\\/cteniq\\\/?s={search_term_string}\"},\"query-input\":{\"@type\":\"PropertyValueSpecification\",\"valueRequired\":true,\"valueName\":\"search_term_string\"}}],\"inLanguage\":\"fr-FR\"},{\"@type\":\"Person\",\"@id\":\"https:\\\/\\\/etiennefd.com\\\/cteniq\\\/#\\\/schema\\\/person\\\/b568795c4bc7d5981b1ce8105a47cc50\",\"name\":\"\u00c9tienne\",\"image\":{\"@type\":\"ImageObject\",\"inLanguage\":\"fr-FR\",\"@id\":\"https:\\\/\\\/secure.gravatar.com\\\/avatar\\\/1333943e77caca64b7d1071e8a2ab0629223f8e60531e4ec83372f4d2e3c1374?s=96&d=mm&r=g\",\"url\":\"https:\\\/\\\/secure.gravatar.com\\\/avatar\\\/1333943e77caca64b7d1071e8a2ab0629223f8e60531e4ec83372f4d2e3c1374?s=96&d=mm&r=g\",\"contentUrl\":\"https:\\\/\\\/secure.gravatar.com\\\/avatar\\\/1333943e77caca64b7d1071e8a2ab0629223f8e60531e4ec83372f4d2e3c1374?s=96&d=mm&r=g\",\"caption\":\"\u00c9tienne\"},\"url\":\"https:\\\/\\\/etiennefd.com\\\/cteniq\\\/author\\\/steb\\\/\"}]}<\/script>\n<!-- \/ Yoast SEO plugin. -->","yoast_head_json":{"title":"L'\u00eele des D\u00e9mons - Cartographier tout et n\u2019importe quoi","robots":{"index":"index","follow":"follow","max-snippet":"max-snippet:-1","max-image-preview":"max-image-preview:large","max-video-preview":"max-video-preview:-1"},"canonical":"https:\/\/etiennefd.com\/cteniq\/ile-des-demons\/","og_locale":"fr_FR","og_type":"article","og_title":"L'\u00eele des D\u00e9mons - Cartographier tout et n\u2019importe quoi","og_description":"Carte de la Nouvelle-France et de Terre-Neuve de Giacomo Gastaldi, 1556. L\u2019\u00ab\u00a0Isola de\u00a0Demoni\u00a0\u00bb est quelques \u00eeles en haut de Terra Nova. Je dis \u00ab\u00a0en haut\u00a0\u00bb parce que je suis pas [&hellip;]","og_url":"https:\/\/etiennefd.com\/cteniq\/ile-des-demons\/","og_site_name":"Cartographier tout et n\u2019importe quoi","article_published_time":"2019-12-31T18:48:31+00:00","article_modified_time":"2020-09-03T17:07:51+00:00","og_image":[{"url":"https:\/\/etiennefd.com\/cteniq\/wp-content\/uploads\/sites\/1\/2019\/08\/11.-i\u0302le-des-de\u0301mons.png","type":"","width":"","height":""}],"author":"\u00c9tienne","twitter_card":"summary_large_image","twitter_misc":{"\u00c9crit par":"\u00c9tienne","Dur\u00e9e de lecture estim\u00e9e":"5 minutes"},"schema":{"@context":"https:\/\/schema.org","@graph":[{"@type":"Article","@id":"https:\/\/etiennefd.com\/cteniq\/ile-des-demons\/#article","isPartOf":{"@id":"https:\/\/etiennefd.com\/cteniq\/ile-des-demons\/"},"author":{"name":"\u00c9tienne","@id":"https:\/\/etiennefd.com\/cteniq\/#\/schema\/person\/b568795c4bc7d5981b1ce8105a47cc50"},"headline":"L&rsquo;\u00eele des D\u00e9mons","datePublished":"2019-12-31T18:48:31+00:00","dateModified":"2020-09-03T17:07:51+00:00","mainEntityOfPage":{"@id":"https:\/\/etiennefd.com\/cteniq\/ile-des-demons\/"},"wordCount":1076,"commentCount":1,"keywords":["atlas des \u00eeles fant\u00f4mes","cartographie"],"articleSection":["fiction"],"inLanguage":"fr-FR","potentialAction":[{"@type":"CommentAction","name":"Comment","target":["https:\/\/etiennefd.com\/cteniq\/ile-des-demons\/#respond"]}]},{"@type":"WebPage","@id":"https:\/\/etiennefd.com\/cteniq\/ile-des-demons\/","url":"https:\/\/etiennefd.com\/cteniq\/ile-des-demons\/","name":"L'\u00eele des D\u00e9mons - Cartographier tout et n\u2019importe quoi","isPartOf":{"@id":"https:\/\/etiennefd.com\/cteniq\/#website"},"datePublished":"2019-12-31T18:48:31+00:00","dateModified":"2020-09-03T17:07:51+00:00","author":{"@id":"https:\/\/etiennefd.com\/cteniq\/#\/schema\/person\/b568795c4bc7d5981b1ce8105a47cc50"},"breadcrumb":{"@id":"https:\/\/etiennefd.com\/cteniq\/ile-des-demons\/#breadcrumb"},"inLanguage":"fr-FR","potentialAction":[{"@type":"ReadAction","target":["https:\/\/etiennefd.com\/cteniq\/ile-des-demons\/"]}]},{"@type":"BreadcrumbList","@id":"https:\/\/etiennefd.com\/cteniq\/ile-des-demons\/#breadcrumb","itemListElement":[{"@type":"ListItem","position":1,"name":"Home","item":"https:\/\/etiennefd.com\/cteniq\/"},{"@type":"ListItem","position":2,"name":"L&rsquo;\u00eele des D\u00e9mons"}]},{"@type":"WebSite","@id":"https:\/\/etiennefd.com\/cteniq\/#website","url":"https:\/\/etiennefd.com\/cteniq\/","name":"Cartographier tout et n\u2019importe quoi","description":"y compris (et surtout) des lieux qui n&#039;existent pas","potentialAction":[{"@type":"SearchAction","target":{"@type":"EntryPoint","urlTemplate":"https:\/\/etiennefd.com\/cteniq\/?s={search_term_string}"},"query-input":{"@type":"PropertyValueSpecification","valueRequired":true,"valueName":"search_term_string"}}],"inLanguage":"fr-FR"},{"@type":"Person","@id":"https:\/\/etiennefd.com\/cteniq\/#\/schema\/person\/b568795c4bc7d5981b1ce8105a47cc50","name":"\u00c9tienne","image":{"@type":"ImageObject","inLanguage":"fr-FR","@id":"https:\/\/secure.gravatar.com\/avatar\/1333943e77caca64b7d1071e8a2ab0629223f8e60531e4ec83372f4d2e3c1374?s=96&d=mm&r=g","url":"https:\/\/secure.gravatar.com\/avatar\/1333943e77caca64b7d1071e8a2ab0629223f8e60531e4ec83372f4d2e3c1374?s=96&d=mm&r=g","contentUrl":"https:\/\/secure.gravatar.com\/avatar\/1333943e77caca64b7d1071e8a2ab0629223f8e60531e4ec83372f4d2e3c1374?s=96&d=mm&r=g","caption":"\u00c9tienne"},"url":"https:\/\/etiennefd.com\/cteniq\/author\/steb\/"}]}},"_links":{"self":[{"href":"https:\/\/etiennefd.com\/cteniq\/wp-json\/wp\/v2\/posts\/707","targetHints":{"allow":["GET"]}}],"collection":[{"href":"https:\/\/etiennefd.com\/cteniq\/wp-json\/wp\/v2\/posts"}],"about":[{"href":"https:\/\/etiennefd.com\/cteniq\/wp-json\/wp\/v2\/types\/post"}],"author":[{"embeddable":true,"href":"https:\/\/etiennefd.com\/cteniq\/wp-json\/wp\/v2\/users\/1"}],"replies":[{"embeddable":true,"href":"https:\/\/etiennefd.com\/cteniq\/wp-json\/wp\/v2\/comments?post=707"}],"version-history":[{"count":12,"href":"https:\/\/etiennefd.com\/cteniq\/wp-json\/wp\/v2\/posts\/707\/revisions"}],"predecessor-version":[{"id":1383,"href":"https:\/\/etiennefd.com\/cteniq\/wp-json\/wp\/v2\/posts\/707\/revisions\/1383"}],"wp:attachment":[{"href":"https:\/\/etiennefd.com\/cteniq\/wp-json\/wp\/v2\/media?parent=707"}],"wp:term":[{"taxonomy":"category","embeddable":true,"href":"https:\/\/etiennefd.com\/cteniq\/wp-json\/wp\/v2\/categories?post=707"},{"taxonomy":"post_tag","embeddable":true,"href":"https:\/\/etiennefd.com\/cteniq\/wp-json\/wp\/v2\/tags?post=707"}],"curies":[{"name":"wp","href":"https:\/\/api.w.org\/{rel}","templated":true}]}}