{"id":455,"date":"2018-05-29T18:06:03","date_gmt":"2018-05-29T22:06:03","guid":{"rendered":"https:\/\/etiennefd.com\/cteniq\/?p=455"},"modified":"2018-07-11T10:58:58","modified_gmt":"2018-07-11T14:58:58","slug":"latheisme-de-degre-deux","status":"publish","type":"post","link":"https:\/\/etiennefd.com\/cteniq\/latheisme-de-degre-deux\/","title":{"rendered":"L&rsquo;ath\u00e9isme de degr\u00e9 deux"},"content":{"rendered":"<h3>I.<\/h3>\n<p>J&rsquo;ai grandi sans religion.<\/p>\n<p>Mes parents ont rejet\u00e9 le catholicisme, religion presque universelle des Canadiens-fran\u00e7ais, tr\u00e8s t\u00f4t dans leur vie. Ils n&rsquo;ont pas fait baptiser leurs enfants et ne leur ont presque rien transmis sur ce plan-l\u00e0 \u2014 sauf les livrets sur l&rsquo;histoire de la naissance de J\u00e9sus qu&rsquo;on pouvait accrocher dans l&rsquo;arbre de No\u00ebl \u00e0 raison de un par jour du 1er au 24 d\u00e9cembre. (Je n&rsquo;ai jamais trop compris pourquoi mes parents ont achet\u00e9 ces petits livres; \u00e7a ne cadre pas tr\u00e8s bien avec leur personnage.)<\/p>\n<p>Beaucoup de gens, sinon la plupart, sont \u00e9lev\u00e9s dans la religion de leurs parents par d\u00e9faut. J&rsquo;ai \u00e9t\u00e9 \u00e9lev\u00e9 ath\u00e9e par d\u00e9faut.<\/p>\n<p>C&rsquo;est le cas de beaucoup de Qu\u00e9b\u00e9cois de ma g\u00e9n\u00e9ration, mais je dirais que la plupart d&rsquo;entre nous avons \u00e9t\u00e9 \u00e9lev\u00e9s comme catholiques non pratiquants et\/ou non croyants, pas tout \u00e0 fait comme ath\u00e9es. Dans mon cas, la non-existence de Dieu \u00e9tait explicite. La fronti\u00e8re entre ces deux cat\u00e9gories est poreuse, \u00e9videmment (cf. les livrets sur l&rsquo;histoire de la naissance de J\u00e9sus susmentionn\u00e9s).<\/p>\n<p>Je suis encore ath\u00e9e et je ne crois pas changer de sit\u00f4t. Il est clair que Dieu, dans les sens qu&rsquo;on Lui<sup class=\"modern-footnotes-footnote \" data-mfn=\"1\" data-mfn-post-scope=\"00000000723e89c4000000000238af72_455\"><a href=\"javascript:void(0)\"  role=\"button\" aria-pressed=\"false\" aria-describedby=\"mfn-content-00000000723e89c4000000000238af72_455-1\">1<\/a><\/sup><span id=\"mfn-content-00000000723e89c4000000000238af72_455-1\" role=\"tooltip\" class=\"modern-footnotes-footnote__note\" tabindex=\"0\" data-mfn=\"1\">J&rsquo;aime \u00e7a mettre une majuscule aux pronoms qui r\u00e9f\u00e8rent \u00e0 Dieu, m\u00eame si c&rsquo;est surtout ironique puisque je n&rsquo;Y crois pas.<\/span> donne habituellement, n&rsquo;existe pas. J&rsquo;ai m\u00eame \u00e9crit que <a href=\"https:\/\/etiennefd.com\/cteniq\/la-plupart-des-gens-ne-croient-pas-en-dieu-meme-sils-croient-que-oui\/\">la plupart des gens ne croient pas vraiment en Dieu, quoi qu&rsquo;ils en disent<\/a>.<\/p>\n<p>(Il y a des d\u00e9finitions moins conventionnelles de Dieu, par exemple la force inconnue qui a engendr\u00e9 les lois de la physique, ou un comit\u00e9 d&rsquo;entit\u00e9s multidimensionnelles qui a cr\u00e9\u00e9 l&rsquo;Univers en tant qu&rsquo;exp\u00e9rience scientifique. Selon les d\u00e9finitions, on peut me consid\u00e9rer agnostique.)<\/p>\n<p>Ai-je regrett\u00e9 d&rsquo;avoir \u00e9t\u00e9 \u00e9lev\u00e9 ath\u00e9e? Parfois, vaguement. Les ath\u00e9es ne sont pas moins vuln\u00e9rables que les croyants aux crises existentielles, et il est normal, dans les moments sombres, de se demander si l&rsquo;on aurait pas \u00e9t\u00e9 mieux avec une tradition religieuse pour faire face \u00e0 l&rsquo;Abysse en brandissant des certitudes. Mais on ne peut pas simplement d\u00e9cider qu&rsquo;il serait mieux de croire une chose \u00e0 laquelle on ne croit pas. La foi ne s&rsquo;active pas sur commande. Et puis de toute fa\u00e7on, les croyants semblent aussi vuln\u00e9rables que les ath\u00e9es aux crises existentielles, ou presque. C&rsquo;est la philosophie en g\u00e9n\u00e9ral, et non la seule philosophie religieuse, qui est \u00e9quip\u00e9e pour combler l&rsquo;Abysse et mettre un panneau disant \u00ab DANGER SOL INSTABLE NE PAS MARCHER ICI SAUF EN CAS D&rsquo;ABSOLUE N\u00c9CESSIT\u00c9 \u00bb.<\/p>\n<p>Donc, j&rsquo;ai toujours \u00e9t\u00e9 ath\u00e9e. Je ne suis pas devenu ath\u00e9e \u00e0 la suite d&rsquo;une crise de foi ou d&rsquo;une grande remise en question spirituelle, comme c&rsquo;est le cas de beaucoup d&rsquo;anciens croyants. Je vous dis \u00e7a parce que je crois que le bagage d&rsquo;une personne a une grande importance lorsque vient le temps de comprendre son opinion sur la spiritualit\u00e9 et la religion. Forc\u00e9ment, ce que je m&rsquo;appr\u00eate \u00e0 \u00e9crire sur l&rsquo;\u00ab\u00a0ath\u00e9isme de degr\u00e9 deux \u00bb d\u00e9pend de mon histoire personnelle.<\/p>\n<h3>II.<\/h3>\n<p>Tel un rabbin tch\u00e8que donnant vie \u00e0 l&rsquo;argile pour en faire un <a href=\"https:\/\/fr.wikipedia.org\/wiki\/Golem\">golem<\/a>, je cr\u00e9e un <a href=\"https:\/\/etiennefd.com\/cteniq\/quatre-arguments-qui-rendent-les-commentaires-indigestes\/\">homme de paille<\/a> et je le nomme \u00ab\u00a0Sylvain\u00a0\u00bb.<\/p>\n<p>Sylvain est ath\u00e9e. Pas agnostique : il croit que Dieu n&rsquo;existe pas et il sait qu&rsquo;il a raison. Sylvain est un ath\u00e9e pratiquant, militant, un missionnaire qui voudrait convertir la plan\u00e8te enti\u00e8re \u00e0 son syt\u00e8me de croyances \u2014 qui consiste justement \u00e0 n&rsquo;en avoir pas.<\/p>\n<p>Sylvain aime bien participer \u00e0 des discussions sur internet. Il n&rsquo;h\u00e9site jamais, lorsque le contexte s&rsquo;y pr\u00eate, \u00e0 qualifier les religions de \u00ab\u00a0contes de f\u00e9e\u00a0\u00bb. Croire en Dieu, dit-il, c&rsquo;est l&rsquo;\u00e9quivalent de croire au Bonhomme Sept Heures\u00a0 ou au lapin de P\u00e2ques : il s&rsquo;agit d&rsquo;histoires qu&rsquo;on raconte aux enfants pour les manipuler, mais que les vrais adultes savent correctement rejeter. Les adultes qui croient encore en Dieu sont soit stupides, soit na\u00effs, soit terroris\u00e9e \u00e0 l&rsquo;id\u00e9e de faire face \u00e0 l&rsquo;Abysse sans avoir un gardien c\u00e9leste omniscient pour leur tenir la main.<\/p>\n<p>La Bible, le Coran, la Bhagavad-Gita et les autres textes sacr\u00e9s sont des recueils de fiction \u00e9crits il y a des si\u00e8cles et on devrait, affirme Sylvain, les consid\u00e9rer comme tels. Les interpr\u00e9ter litt\u00e9ralement, c&rsquo;est l&rsquo;\u00e9quivalent pour les humains du futur de consid\u00e9rer <em>Harry Potter<\/em> et le <em>Guide du voyageur galactique<\/em> comme des livres renfermant la V\u00e9rit\u00e9 Absolue et d&rsquo;organiser leur vie autour d&rsquo;eux. Ce serait niaiseux de la part des humains du futur, avouez.<\/p>\n<p>D&rsquo;autant plus que les religions et leurs livres sacr\u00e9s sont plein d&rsquo;incoh\u00e9rences et de probl\u00e8mes \u00e9thiques. Vous voulez vous en servir comme code moral? OK, dit Sylvain, mais \u00eates-vous <em>s\u00fbr<\/em> que la Bible est le meilleur guide de d\u00e9ontologie?\u00a0Assassiner tous les premiers-n\u00e9s d&rsquo;\u00c9gypte, on n&rsquo;approuverait pas tellement aujourd&rsquo;hui. Inonder la plan\u00e8te et tuer 99,9% de l&rsquo;humanit\u00e9 non plus. Et que dire de l&rsquo;obsession que semble avoir Dieu pour la lapidation comme m\u00e9thode d&rsquo;ex\u00e9cution? Sans parler des cons\u00e9quences directes de la religion, comme les guerres saintes, les attentats terroristes, la pers\u00e9cution, le ralentissement de la science, etc., etc.<\/p>\n<p>Bon. Sylvain est un homme de paille cr\u00e9\u00e9 sp\u00e9cifiquement pour cracher sur la religion. Mais est-il vraiment fictif? Ce n&rsquo;est pas tr\u00e8s difficile de trouver ce genre d&rsquo;arguments sur internet.<\/p>\n<p>Souvent, l&rsquo;attitude de Sylvain est exprim\u00e9e avec respect et nuance. Parfois, elle prend la forme de textes d&rsquo;un haut niveau litt\u00e9raire, notamment sous la plume de gens comme Richard Dawkins ou Christopher Hitchens. D&rsquo;autres fois, elle ressemble plut\u00f4t \u00e0 \u00ab OK, LES GENS QUI PENSE QUE LEUR VIE EST CONTR\u00d4LER PAR ALLAH OU VISHNU PEUVENT-TU ARR\u00caTER AVEC LEURS HISTOIRES D\u00c9BILES DE P\u00c8RE NO\u00cbL PIS ON PEUX-TU ENFIN PROGRESSER COMME SOCI\u00c9T\u00c9? \u00bb avec un nombre de fautes d&rsquo;orthographe pouvant prendre des proportions consid\u00e9rables.<\/p>\n<p>Appelons cette attitude l&rsquo;\u00ab\u00a0ath\u00e9isme de degr\u00e9 un\u00a0\u00bb.<\/p>\n<p>M\u00eame si j&rsquo;ai l&rsquo;air de le d\u00e9nigrer, je suis assez sympathique \u00e0 l&rsquo;ath\u00e9isme de degr\u00e9 un. Je suis globalement d&rsquo;accord avec. Je pr\u00e9f\u00e8re le respect et la nuance, ou les textes articul\u00e9s de Dawkins ou Hitchens, mais voir quelqu&rsquo;un attaquer la religion avec des insultes et des sophismes provoque chez moi quelque chose comme un roulement d&rsquo;yeux, pas de la col\u00e8re noire et de l&rsquo;exasp\u00e9ration profonde.<\/p>\n<p>(C&rsquo;est la m\u00eame chose quand on voit quelqu&rsquo;un argumenter\u00a0<em>tr\u00e8s mal<\/em> en faveur de positions politiques avec lesquelles on est d&rsquo;accord. \u00c7a ne provoque pas les m\u00eames \u00e9motions que quelqu&rsquo;un qui argumente tr\u00e8s mal en faveur de positions politiques contraires aux n\u00f4tres.)<\/p>\n<p>D&rsquo;ailleurs, pendant la majeure partie de ma vie, j&rsquo;\u00e9tais aussi un ath\u00e9e de degr\u00e9 un. La religion me semblait un ph\u00e9nom\u00e8ne simple \u00e0 expliquer, qui reposait sur la na\u00efvet\u00e9 des gens et leur tendance \u00e0 ne pas aimer changer d&rsquo;avis. Elle ne me d\u00e9rangeait pas beaucoup, et je n&rsquo;y \u00e9tais pas ouvertement hostile, mais je me disais qu&rsquo;il serait bien de s&rsquo;en d\u00e9barrasser si c&rsquo;\u00e9tait possible. Au minimum, \u00e7a permettrait \u00e0 la science d&rsquo;aller plus vite.<\/p>\n<p>Puis, tranquillement, ma position sur le sujet a \u00e9volu\u00e9.<\/p>\n<h3>III.<\/h3>\n<p>L&rsquo;une des premi\u00e8res choses qui m&rsquo;a fait prendre conscience de la valeur du catholicisme au Qu\u00e9bec, c&rsquo;est lorsque j&rsquo;ai r\u00e9alis\u00e9 que sans lui, nous n&rsquo;existerions peut-\u00eatre pas comme peuple. Apr\u00e8s la conqu\u00eate britannique, le clerg\u00e9 a servi d&rsquo;\u00e9lite pour les Canadiens-fran\u00e7ais, et les a encourag\u00e9s \u00e0 faire des b\u00e9b\u00e9s. Beaucoup de b\u00e9b\u00e9s. Sans cette revanche des berceaux, il est plausible que les francophones d&rsquo;Am\u00e9rique du Nord n&rsquo;auraient pas \u00e9t\u00e9 assez nombreux pour r\u00e9sister \u00e0 l&rsquo;assimilation. Je ne sais pas si le Qu\u00e9bec aurait \u00e9t\u00e9 un meilleur endroit s&rsquo;il avait \u00e9t\u00e9 moins catholique. Peut-\u00eatre<sup class=\"modern-footnotes-footnote \" data-mfn=\"2\" data-mfn-post-scope=\"00000000723e89c4000000000238af72_455\"><a href=\"javascript:void(0)\"  role=\"button\" aria-pressed=\"false\" aria-describedby=\"mfn-content-00000000723e89c4000000000238af72_455-2\">2<\/a><\/sup><span id=\"mfn-content-00000000723e89c4000000000238af72_455-2\" role=\"tooltip\" class=\"modern-footnotes-footnote__note\" tabindex=\"0\" data-mfn=\"2\">En tout cas, tr\u00e8s certainement, je ne souhaite pas qu&rsquo;on revienne \u00e0 une soci\u00e9t\u00e9 domin\u00e9e par le clerg\u00e9.<\/span>. Mais l&rsquo;id\u00e9e que ma culture aurait pu dispara\u00eetre n&rsquo;e\u00fbt \u00e9t\u00e9 de la religion m&rsquo;a fait r\u00e9fl\u00e9chir.<\/p>\n<p>J&rsquo;ai r\u00e9alis\u00e9 aussi que les pr\u00eatres sont des hommes en g\u00e9n\u00e9ral tr\u00e8s intelligents et int\u00e9ressants. J&rsquo;ai eu peu de contact avec les pr\u00eatres, mais ceux avec qui j&rsquo;ai parl\u00e9 m&rsquo;ont toujours fait un effet positif<sup class=\"modern-footnotes-footnote \" data-mfn=\"3\" data-mfn-post-scope=\"00000000723e89c4000000000238af72_455\"><a href=\"javascript:void(0)\"  role=\"button\" aria-pressed=\"false\" aria-describedby=\"mfn-content-00000000723e89c4000000000238af72_455-3\">3<\/a><\/sup><span id=\"mfn-content-00000000723e89c4000000000238af72_455-3\" role=\"tooltip\" class=\"modern-footnotes-footnote__note\" tabindex=\"0\" data-mfn=\"3\">c&rsquo;est une g\u00e9n\u00e9ralisation, \u00e9videmment. Il y a sans aucun doute des pr\u00eatres tr\u00e8s mauvais. Mais ce sont des personnes g\u00e9n\u00e9ralement meilleures qu&rsquo;on pourrait le croire, si on part de l&rsquo;id\u00e9e que la religion est une chose tr\u00e8s n\u00e9gative.<\/span>.\u00a0En fait, plus largement, beaucoup de gens tr\u00e8s intelligents et int\u00e9ressants sont religieux. Plusieurs de mes amis sont religieux, et ce sont mes amis parce que je trouve qu&rsquo;il s&rsquo;agit de bonnes personnes et g\u00e9n\u00e9ralement pas des gens stupides, na\u00effs ou peureux.<\/p>\n<p>Il y a m\u00eame des cas d&rsquo;ath\u00e9es qui se mettent \u00e0 croire, ou du moins \u00e0 devenir \u00ab\u00a0spirituels\u00a0\u00bb. Il y a des gens \u2014 dont des scientifiques, des artistes, des gens qui ont du succ\u00e8s et probablement l&rsquo;intelligence qui vient avec \u2014 qui se convertissent d&rsquo;une religion \u00e0 une autre. Pourquoi une personne d\u00e9ciderait-elle que non, finalement, la Bouddha a tout faux \u2014 clairement c&rsquo;est la Bible qui renfermait la v\u00e9rit\u00e9 pendant tout ce temps!\u00a0<sup class=\"modern-footnotes-footnote \" data-mfn=\"4\" data-mfn-post-scope=\"00000000723e89c4000000000238af72_455\"><a href=\"javascript:void(0)\"  role=\"button\" aria-pressed=\"false\" aria-describedby=\"mfn-content-00000000723e89c4000000000238af72_455-4\">4<\/a><\/sup><span id=\"mfn-content-00000000723e89c4000000000238af72_455-4\" role=\"tooltip\" class=\"modern-footnotes-footnote__note\" tabindex=\"0\" data-mfn=\"4\">Et puis, r\u00e9fl\u00e9chir \u00e0 ce que \u00e7a signifie de croire en Dieu, comme je l&rsquo;ai fait en \u00e9crivant mon <a href=\"https:\/\/etiennefd.com\/cteniq\/la-plupart-des-gens-ne-croient-pas-en-dieu-meme-sils-croient-que-oui\/\">article<\/a> cit\u00e9 plus haut, m&rsquo;a fait comprendre que peu de gens croient litt\u00e9ralement ce que les religions et leurs textes sacr\u00e9s enseignent. Sauf quelques fondamentalistes, la plupart des gens qui se disent religieux seront parfaitement d&rsquo;accord pour dire que tout ce qui est dans la Bible (et le Coran, etc.) est sujet \u00e0 interpr\u00e9tation.<\/span><\/p>\n<p>Il y a aussi une cr\u00e9ation constante de nouvelles religions. On ne le r\u00e9alise pas toujours, parce que les mouvements religieux r\u00e9cents sont minuscules \u00e0 c\u00f4t\u00e9 du christianisme, de l&rsquo;islam, de l&rsquo;hindouisme et du bouddhisme, mais les sectes et les spiritualit\u00e9s nouvelles sont monnaie courante. Il y a m\u00eame des gens qui tentent de ressusciter les cultes pa\u00efens antiques. Pourquoi vouloir ramener les croyances en Zeus et Odin dont l&rsquo;humanit\u00e9 s&rsquo;est d\u00e9barrass\u00e9e depuis longtemps?<\/p>\n<p>\u00c7a ne colle pas. Si la religion \u00e9tait aussi mauvaise que le pr\u00e9tendent les ath\u00e9es de degr\u00e9 un comme Sylvain, il me semble que ce serait plus \u00e9vident que \u00e7a.<\/p>\n<h3>IV.<\/h3>\n<p>La religion fait toutes sortes de choses tr\u00e8s mal. Elle promeut la croyance envers des entit\u00e9s qui n&rsquo;existent pas. Elle est un m\u00e8me qui tente de se propager par tous les moyens, comme le pros\u00e9lytisme et l&rsquo;interdiction de l&rsquo;apostasie. Elle est dogmatique et g\u00e9n\u00e9ratrice de conflits. Elle est tr\u00e8s conservatrice, souvent trop.<\/p>\n<p>Retournons la m\u00e9daille. Qu&rsquo;est-ce que la religion fait bien?<\/p>\n<ol>\n<li><strong>Elle cr\u00e9e des communaut\u00e9s coh\u00e9sives<\/strong>. C&rsquo;est peut-\u00eatre le plus important. La soci\u00e9t\u00e9 contemporaine est assez atomis\u00e9e, c&rsquo;est-\u00e0-dire que les gens vivent comme individus assez d\u00e9connect\u00e9s les uns des autres. Pourtant, il me semble que d&rsquo;appartenir \u00e0 une communaut\u00e9 \u2014 qui peut te soutenir si tu es dans le trouble, avec qui tu partages une culture, etc. \u2014 est une chose importante pour le bonheur. Les<\/li>\n<li><strong>Elle r\u00e9pond aux angoisses existentielles<\/strong>. Les grandes questions sur notre place dans l&rsquo;Univers et le but de notre existence sont un bogue du logiciel humain depuis toujours. Les religions sont des patchs qui permettent de minimiser le probl\u00e8me sans avoir besoin d&rsquo;apprendre comment le logiciel fonctionne.<\/li>\n<li><strong>Elle inspire de l&rsquo;art<\/strong>. La musique de Bach. L&rsquo;<em>Odyss\u00e9e<\/em>, la <em>Divine Com\u00e9die<\/em>. Les temples et les mosqu\u00e9es et les \u00e9glises et les pagodes partout dans le monde. Tout \u00e7a a une grande valeur et n&rsquo;existerait pas sans la religion.<\/li>\n<li><strong>Elle prot\u00e8ge les cultures<\/strong>. J&rsquo;ai not\u00e9 plus haut que la culture qu\u00e9b\u00e9coise doit peut-\u00eatre son existence au catholicisme. Je crois que ce principe est g\u00e9n\u00e9ralisable : de nombreux peuples s&rsquo;identifient fortement \u00e0 leur religion, notamment lorsqu&rsquo;ils sont en situation minoritaire. Les religions, avec la langue et les arts, sont une composante importante des cultures, qui seraient sans doute moins diff\u00e9renci\u00e9es sans elles. Or la diversit\u00e9 culturelle est une richesse qui rend le monde plus int\u00e9ressant.<sup class=\"modern-footnotes-footnote \" data-mfn=\"5\" data-mfn-post-scope=\"00000000723e89c4000000000238af72_455\"><a href=\"javascript:void(0)\"  role=\"button\" aria-pressed=\"false\" aria-describedby=\"mfn-content-00000000723e89c4000000000238af72_455-5\">5<\/a><\/sup><span id=\"mfn-content-00000000723e89c4000000000238af72_455-5\" role=\"tooltip\" class=\"modern-footnotes-footnote__note\" tabindex=\"0\" data-mfn=\"5\">Le cas du reconstructionnisme pa\u00efen est souvent tr\u00e8s li\u00e9 \u00e0 cet aspect : en Europe, par exemple, le paganisme \u00e9tait tr\u00e8s sp\u00e9cifique \u00e0 chaque culture avant que le christianisme balaie tout, et ceux qui participent \u00e0 sa r\u00e9surrections le font le plus souvent par attachement \u00e0 leur culture.<\/span><\/li>\n<\/ol>\n<p><span style=\"font-size: 10pt;\">[AJOUT\u00a0: Pour une raison ou une autre, je n&rsquo;ai pas pens\u00e9 \u00e0 la moralit\u00e9 quand j&rsquo;ai \u00e9crit cet article. C&rsquo;est certain que les religions cr\u00e9ent et entretiennent des codes moraux, ce qui est tr\u00e8s important. Cela dit, je pr\u00e9f\u00e8re ne pas me prononcer quant \u00e0 savoir si les religions font ce travail <em>bien<\/em>.]<\/span><\/p>\n<p>Notons ici un point commun parmi tous ces aspects : aucun d&rsquo;entre eux ne requiert explicitement l&rsquo;existence d&rsquo;une (ou plusieurs) divinit\u00e9(s). On peut cr\u00e9er des communaut\u00e9s sans histoires de P\u00e8re No\u00ebl. On peut utiliser la philo pour trouver sa place dans l&rsquo;Univers. On peut s&rsquo;inspirer de l&rsquo;amour ou de la nature ou de mille autres choses pour faire de l&rsquo;art. On peut fonder sa culture sur des valeurs qui n&rsquo;ont rien de religieux.<\/p>\n<p>Mais la religion ramasse tout \u00e7a ensemble, l&#8217;emballe dans un joli paquet, et le distribue gratuitement sur le coin de la rue. C&rsquo;est efficace.<\/p>\n<p>La religion est un <em>package deal<\/em>.<\/p>\n<h3>V.<\/h3>\n<p>Je ne saurais dire si les religions sont, au net, un ph\u00e9nom\u00e8ne positif ou n\u00e9gatif. Peu importe la r\u00e9ponse, les ath\u00e9es peuvent-ils s&rsquo;inspirer de ce qu&rsquo;elles font bien? Je crois que oui, et c&rsquo;est ce que j&rsquo;appellerais l&rsquo;ath\u00e9isme de degr\u00e9 deux.<\/p>\n<p>En bref :<\/p>\n<ul>\n<li><strong>L&rsquo;ath\u00e9isme de degr\u00e9 un<\/strong>, c&rsquo;est l&rsquo;ath\u00e9isme qui est hostile \u00e0 la religion et qui voudrait la voir dispara\u00eetre.<\/li>\n<li><strong>L&rsquo;ath\u00e9isme de degr\u00e9 deux<\/strong>, c&rsquo;est l&rsquo;ath\u00e9isme qui est plut\u00f4t favorable \u00e0 la religion, du moins \u00e0 certains de ses aspects, et qui voudrait copier ces derniers pour am\u00e9liorer le monde.<\/li>\n<\/ul>\n<p>Cette cat\u00e9gorisation a une valeur limit\u00e9e, on s&rsquo;entend. Je fais expr\u00e8s de contraster deux attitudes qui ne sont pas forc\u00e9ment mutuellement exclusives. Mais je crois que \u00e7a d\u00e9crit bien deux principaux p\u00f4les qu&rsquo;on peut adopter pour consid\u00e9rer le ph\u00e9nom\u00e8ne religieux tout en y \u00e9tant ext\u00e9rieur.<\/p>\n<p>Je crois aussi que l&rsquo;ath\u00e9isme de degr\u00e9 deux est une attitude beaucoup plus productive que l&rsquo;ath\u00e9isme de degr\u00e9 un. Les religions ne sont pas pr\u00e8s de dispara\u00eetre : leur pouvoir m\u00e9m\u00e9tique est beaucoup trop fort. Pour am\u00e9liorer le monde, il faut les remplacer par quelque chose qui comble les m\u00eames besoins, mais sans leurs effets n\u00e9fastes<sup class=\"modern-footnotes-footnote \" data-mfn=\"6\" data-mfn-post-scope=\"00000000723e89c4000000000238af72_455\"><a href=\"javascript:void(0)\"  role=\"button\" aria-pressed=\"false\" aria-describedby=\"mfn-content-00000000723e89c4000000000238af72_455-6\">6<\/a><\/sup><span id=\"mfn-content-00000000723e89c4000000000238af72_455-6\" role=\"tooltip\" class=\"modern-footnotes-footnote__note\" tabindex=\"0\" data-mfn=\"6\">Un peu comme le christianisme a remplac\u00e9 les cultes pa\u00efens \u2014 sauf pour la diversit\u00e9 culturelle, c&rsquo;\u00e9tait sans doute une bonne chose, sur le plan moral. <\/span>. Id\u00e9alement, il faut que ce soit aussi un <em>package deal<\/em>, sinon ce ne sera pas pratique. Personne ne voudrait remplacer le couteau suisse qu&rsquo;il tra\u00eene en permanence par un couteau simple + une scie + une loupe + des pinces + des ciseaux + un cure-dents + un tire-bouchon + toutes les autres patentes dans <a href=\"https:\/\/www.amazon.fr\/gp\/product\/B000R0JDSI\/ref=as_li_tl?ie=UTF8&amp;camp=1642&amp;creative=19458&amp;creativeASIN=B000R0JDSI&amp;linkCode=as2&amp;tag=topito-21&amp;linkId=EMUWXBLOE5W6QMZG\">ce couteau suisse<\/a>.<sup class=\"modern-footnotes-footnote \" data-mfn=\"7\" data-mfn-post-scope=\"00000000723e89c4000000000238af72_455\"><a href=\"javascript:void(0)\"  role=\"button\" aria-pressed=\"false\" aria-describedby=\"mfn-content-00000000723e89c4000000000238af72_455-7\">7<\/a><\/sup><span id=\"mfn-content-00000000723e89c4000000000238af72_455-7\" role=\"tooltip\" class=\"modern-footnotes-footnote__note\" tabindex=\"0\" data-mfn=\"7\">Deux ph\u00e9nom\u00e8nes qui ont tent\u00e9 sans succ\u00e8s de d\u00e9loger les religions : les grandes id\u00e9ologies du XXe si\u00e8cle (communisme, fascisme), avec des r\u00e9sultats souvent d\u00e9sastreux, et le nationalisme, qui est aujourd&rsquo;hui en perte de vitesse.<\/span><\/p>\n<h3>VI.<\/h3>\n<p>Parfois je me demande si je me convertirai un jour \u00e0 une religion. La r\u00e9ponse est presque certainement non, si l&rsquo;on d\u00e9finit \u00ab\u00a0religion\u00a0\u00bb de la mani\u00e8re traditionnelle.<\/p>\n<p>Si on consid\u00e8re un sens tr\u00e8s large de\u00a0\u00ab\u00a0religion\u00a0\u00bb, peut-\u00eatre. Le mouvement rationaliste joue en partie ce r\u00f4le pour moi depuis un an environ. J&rsquo;ai <a href=\"https:\/\/etiennefd.com\/cteniq\/introduction-a-la-rationalite-101-pour-debutants\/\">\u00e9crit<\/a>\u00a0dans ce blogue que les textes d&rsquo;Eliezer Yudkowsky m&rsquo;ont fait un effet analogue \u00e0 celui d&rsquo;un livre sacr\u00e9 \u2014 c&rsquo;est une exag\u00e9ration, mais pas par beaucoup. La rationalit\u00e9 donne des r\u00e9ponses aux questions existentielles. En s&rsquo;organisant autour de communaut\u00e9s intentionnelles, comme il y en a une \u00e0 Montr\u00e9al, elle accomplit la premi\u00e8re t\u00e2che de la religion. Elle inspire un peu d&rsquo;\u0153uvres d&rsquo;art, surtout de la litt\u00e9rature, mais l&rsquo;effet est moindre, et je ne crois pas qu&rsquo;elle fasse grand-chose pour la diversit\u00e9 culturelle, surtout qu&rsquo;elle est un ph\u00e9nom\u00e8ne presque exclusivement anglophone.<\/p>\n<p>Donnons-lui le score de 2 sur 4. C&rsquo;est d\u00e9j\u00e0 pas mal.<\/p>\n<p>Si quelque chose doit remplacer les religions actuelles, je pr\u00e9dis qu&rsquo;il s&rsquo;agira de mouvements intellectuels de la sorte. Des individus charismatiques qui d\u00e9veloppent non seulement un syst\u00e8me de pens\u00e9e, mais aussi une culture et une communaut\u00e9 autour de ce syst\u00e8me.<\/p>\n<p>C&rsquo;est essentiellement ce qu&rsquo;on fait tous les grands proph\u00e8tes, de Zoroastre \u00e0 Joseph Smith, en passant par Bouddha, Confucius, J\u00e9sus et Mahomet. Il y a sans doute des proph\u00e8tes parmi nous, sans qu&rsquo;on le sache<sup class=\"modern-footnotes-footnote \" data-mfn=\"8\" data-mfn-post-scope=\"00000000723e89c4000000000238af72_455\"><a href=\"javascript:void(0)\"  role=\"button\" aria-pressed=\"false\" aria-describedby=\"mfn-content-00000000723e89c4000000000238af72_455-8\">8<\/a><\/sup><span id=\"mfn-content-00000000723e89c4000000000238af72_455-8\" role=\"tooltip\" class=\"modern-footnotes-footnote__note\" tabindex=\"0\" data-mfn=\"8\">J&rsquo;ai d\u00e9j\u00e0 lu un texte qui d\u00e9crivait l&rsquo;intellectuel controvers\u00e9 Jordan Peterson comme un proph\u00e8te, par exemple. \u00c7a peut para\u00eetre \u00e9tonnant, mais \u00e7a a quand m\u00eame du sens de le voir sous cet angle.<\/span>. Certains de ces nouveaux proph\u00e8tes \u00e9mergeront des courants religieux existants, d&rsquo;autres pas.\u00a0Ils fonderont de nouvelles religions qui seront mieux que les religions actuelles.<\/p>\n<p>Je m&rsquo;y convertirai peut-\u00eatre, car je suis un ath\u00e9e de degr\u00e9 deux \u2014 ce qui signifie au fond que je serais religieux si les religions \u00e9taient optimis\u00e9es.<\/p>\n","protected":false},"excerpt":{"rendered":"<p>I. J&rsquo;ai grandi sans religion. Mes parents ont rejet\u00e9 le catholicisme, religion presque universelle des Canadiens-fran\u00e7ais, tr\u00e8s t\u00f4t dans leur vie. Ils n&rsquo;ont pas fait baptiser leurs enfants et ne <a href=\"https:\/\/etiennefd.com\/cteniq\/latheisme-de-degre-deux\/\" class=\"more-link\">[&hellip;]<\/a><\/p>\n","protected":false},"author":1,"featured_media":0,"comment_status":"open","ping_status":"open","sticky":false,"template":"","format":"standard","meta":{"Layout":"","footnotes":""},"categories":[17],"tags":[27],"class_list":["entry","author-steb","post-455","post","type-post","status-publish","format-standard","category-essais","tag-religion"],"yoast_head":"<!-- This site is optimized with the Yoast SEO plugin v27.5 - https:\/\/yoast.com\/product\/yoast-seo-wordpress\/ -->\n<title>L&#039;ath\u00e9isme de degr\u00e9 deux - Cartographier tout et n\u2019importe quoi<\/title>\n<meta name=\"robots\" content=\"index, follow, max-snippet:-1, max-image-preview:large, max-video-preview:-1\" \/>\n<link rel=\"canonical\" href=\"https:\/\/etiennefd.com\/cteniq\/latheisme-de-degre-deux\/\" \/>\n<meta property=\"og:locale\" content=\"fr_FR\" \/>\n<meta property=\"og:type\" content=\"article\" \/>\n<meta property=\"og:title\" content=\"L&#039;ath\u00e9isme de degr\u00e9 deux - Cartographier tout et n\u2019importe quoi\" \/>\n<meta property=\"og:description\" content=\"I. J&rsquo;ai grandi sans religion. Mes parents ont rejet\u00e9 le catholicisme, religion presque universelle des Canadiens-fran\u00e7ais, tr\u00e8s t\u00f4t dans leur vie. Ils n&rsquo;ont pas fait baptiser leurs enfants et ne [&hellip;]\" \/>\n<meta property=\"og:url\" content=\"https:\/\/etiennefd.com\/cteniq\/latheisme-de-degre-deux\/\" \/>\n<meta property=\"og:site_name\" content=\"Cartographier tout et n\u2019importe quoi\" \/>\n<meta property=\"article:published_time\" content=\"2018-05-29T22:06:03+00:00\" \/>\n<meta property=\"article:modified_time\" content=\"2018-07-11T14:58:58+00:00\" \/>\n<meta name=\"author\" content=\"\u00c9tienne\" \/>\n<meta name=\"twitter:card\" content=\"summary_large_image\" \/>\n<meta name=\"twitter:label1\" content=\"\u00c9crit par\" \/>\n\t<meta name=\"twitter:data1\" content=\"\u00c9tienne\" \/>\n\t<meta name=\"twitter:label2\" content=\"Dur\u00e9e de lecture estim\u00e9e\" \/>\n\t<meta name=\"twitter:data2\" content=\"15 minutes\" \/>\n<script type=\"application\/ld+json\" class=\"yoast-schema-graph\">{\"@context\":\"https:\\\/\\\/schema.org\",\"@graph\":[{\"@type\":\"Article\",\"@id\":\"https:\\\/\\\/etiennefd.com\\\/cteniq\\\/latheisme-de-degre-deux\\\/#article\",\"isPartOf\":{\"@id\":\"https:\\\/\\\/etiennefd.com\\\/cteniq\\\/latheisme-de-degre-deux\\\/\"},\"author\":{\"name\":\"\u00c9tienne\",\"@id\":\"https:\\\/\\\/etiennefd.com\\\/cteniq\\\/#\\\/schema\\\/person\\\/b568795c4bc7d5981b1ce8105a47cc50\"},\"headline\":\"L&rsquo;ath\u00e9isme de degr\u00e9 deux\",\"datePublished\":\"2018-05-29T22:06:03+00:00\",\"dateModified\":\"2018-07-11T14:58:58+00:00\",\"mainEntityOfPage\":{\"@id\":\"https:\\\/\\\/etiennefd.com\\\/cteniq\\\/latheisme-de-degre-deux\\\/\"},\"wordCount\":3030,\"commentCount\":1,\"keywords\":[\"religion\"],\"articleSection\":[\"essais\"],\"inLanguage\":\"fr-FR\",\"potentialAction\":[{\"@type\":\"CommentAction\",\"name\":\"Comment\",\"target\":[\"https:\\\/\\\/etiennefd.com\\\/cteniq\\\/latheisme-de-degre-deux\\\/#respond\"]}]},{\"@type\":\"WebPage\",\"@id\":\"https:\\\/\\\/etiennefd.com\\\/cteniq\\\/latheisme-de-degre-deux\\\/\",\"url\":\"https:\\\/\\\/etiennefd.com\\\/cteniq\\\/latheisme-de-degre-deux\\\/\",\"name\":\"L'ath\u00e9isme de degr\u00e9 deux - Cartographier tout et n\u2019importe quoi\",\"isPartOf\":{\"@id\":\"https:\\\/\\\/etiennefd.com\\\/cteniq\\\/#website\"},\"datePublished\":\"2018-05-29T22:06:03+00:00\",\"dateModified\":\"2018-07-11T14:58:58+00:00\",\"author\":{\"@id\":\"https:\\\/\\\/etiennefd.com\\\/cteniq\\\/#\\\/schema\\\/person\\\/b568795c4bc7d5981b1ce8105a47cc50\"},\"breadcrumb\":{\"@id\":\"https:\\\/\\\/etiennefd.com\\\/cteniq\\\/latheisme-de-degre-deux\\\/#breadcrumb\"},\"inLanguage\":\"fr-FR\",\"potentialAction\":[{\"@type\":\"ReadAction\",\"target\":[\"https:\\\/\\\/etiennefd.com\\\/cteniq\\\/latheisme-de-degre-deux\\\/\"]}]},{\"@type\":\"BreadcrumbList\",\"@id\":\"https:\\\/\\\/etiennefd.com\\\/cteniq\\\/latheisme-de-degre-deux\\\/#breadcrumb\",\"itemListElement\":[{\"@type\":\"ListItem\",\"position\":1,\"name\":\"Home\",\"item\":\"https:\\\/\\\/etiennefd.com\\\/cteniq\\\/\"},{\"@type\":\"ListItem\",\"position\":2,\"name\":\"L&rsquo;ath\u00e9isme de degr\u00e9 deux\"}]},{\"@type\":\"WebSite\",\"@id\":\"https:\\\/\\\/etiennefd.com\\\/cteniq\\\/#website\",\"url\":\"https:\\\/\\\/etiennefd.com\\\/cteniq\\\/\",\"name\":\"Cartographier tout et n\u2019importe quoi\",\"description\":\"y compris (et surtout) des lieux qui n&#039;existent pas\",\"potentialAction\":[{\"@type\":\"SearchAction\",\"target\":{\"@type\":\"EntryPoint\",\"urlTemplate\":\"https:\\\/\\\/etiennefd.com\\\/cteniq\\\/?s={search_term_string}\"},\"query-input\":{\"@type\":\"PropertyValueSpecification\",\"valueRequired\":true,\"valueName\":\"search_term_string\"}}],\"inLanguage\":\"fr-FR\"},{\"@type\":\"Person\",\"@id\":\"https:\\\/\\\/etiennefd.com\\\/cteniq\\\/#\\\/schema\\\/person\\\/b568795c4bc7d5981b1ce8105a47cc50\",\"name\":\"\u00c9tienne\",\"image\":{\"@type\":\"ImageObject\",\"inLanguage\":\"fr-FR\",\"@id\":\"https:\\\/\\\/secure.gravatar.com\\\/avatar\\\/1333943e77caca64b7d1071e8a2ab0629223f8e60531e4ec83372f4d2e3c1374?s=96&d=mm&r=g\",\"url\":\"https:\\\/\\\/secure.gravatar.com\\\/avatar\\\/1333943e77caca64b7d1071e8a2ab0629223f8e60531e4ec83372f4d2e3c1374?s=96&d=mm&r=g\",\"contentUrl\":\"https:\\\/\\\/secure.gravatar.com\\\/avatar\\\/1333943e77caca64b7d1071e8a2ab0629223f8e60531e4ec83372f4d2e3c1374?s=96&d=mm&r=g\",\"caption\":\"\u00c9tienne\"},\"url\":\"https:\\\/\\\/etiennefd.com\\\/cteniq\\\/author\\\/steb\\\/\"}]}<\/script>\n<!-- \/ Yoast SEO plugin. -->","yoast_head_json":{"title":"L'ath\u00e9isme de degr\u00e9 deux - Cartographier tout et n\u2019importe quoi","robots":{"index":"index","follow":"follow","max-snippet":"max-snippet:-1","max-image-preview":"max-image-preview:large","max-video-preview":"max-video-preview:-1"},"canonical":"https:\/\/etiennefd.com\/cteniq\/latheisme-de-degre-deux\/","og_locale":"fr_FR","og_type":"article","og_title":"L'ath\u00e9isme de degr\u00e9 deux - Cartographier tout et n\u2019importe quoi","og_description":"I. J&rsquo;ai grandi sans religion. Mes parents ont rejet\u00e9 le catholicisme, religion presque universelle des Canadiens-fran\u00e7ais, tr\u00e8s t\u00f4t dans leur vie. Ils n&rsquo;ont pas fait baptiser leurs enfants et ne [&hellip;]","og_url":"https:\/\/etiennefd.com\/cteniq\/latheisme-de-degre-deux\/","og_site_name":"Cartographier tout et n\u2019importe quoi","article_published_time":"2018-05-29T22:06:03+00:00","article_modified_time":"2018-07-11T14:58:58+00:00","author":"\u00c9tienne","twitter_card":"summary_large_image","twitter_misc":{"\u00c9crit par":"\u00c9tienne","Dur\u00e9e de lecture estim\u00e9e":"15 minutes"},"schema":{"@context":"https:\/\/schema.org","@graph":[{"@type":"Article","@id":"https:\/\/etiennefd.com\/cteniq\/latheisme-de-degre-deux\/#article","isPartOf":{"@id":"https:\/\/etiennefd.com\/cteniq\/latheisme-de-degre-deux\/"},"author":{"name":"\u00c9tienne","@id":"https:\/\/etiennefd.com\/cteniq\/#\/schema\/person\/b568795c4bc7d5981b1ce8105a47cc50"},"headline":"L&rsquo;ath\u00e9isme de degr\u00e9 deux","datePublished":"2018-05-29T22:06:03+00:00","dateModified":"2018-07-11T14:58:58+00:00","mainEntityOfPage":{"@id":"https:\/\/etiennefd.com\/cteniq\/latheisme-de-degre-deux\/"},"wordCount":3030,"commentCount":1,"keywords":["religion"],"articleSection":["essais"],"inLanguage":"fr-FR","potentialAction":[{"@type":"CommentAction","name":"Comment","target":["https:\/\/etiennefd.com\/cteniq\/latheisme-de-degre-deux\/#respond"]}]},{"@type":"WebPage","@id":"https:\/\/etiennefd.com\/cteniq\/latheisme-de-degre-deux\/","url":"https:\/\/etiennefd.com\/cteniq\/latheisme-de-degre-deux\/","name":"L'ath\u00e9isme de degr\u00e9 deux - Cartographier tout et n\u2019importe quoi","isPartOf":{"@id":"https:\/\/etiennefd.com\/cteniq\/#website"},"datePublished":"2018-05-29T22:06:03+00:00","dateModified":"2018-07-11T14:58:58+00:00","author":{"@id":"https:\/\/etiennefd.com\/cteniq\/#\/schema\/person\/b568795c4bc7d5981b1ce8105a47cc50"},"breadcrumb":{"@id":"https:\/\/etiennefd.com\/cteniq\/latheisme-de-degre-deux\/#breadcrumb"},"inLanguage":"fr-FR","potentialAction":[{"@type":"ReadAction","target":["https:\/\/etiennefd.com\/cteniq\/latheisme-de-degre-deux\/"]}]},{"@type":"BreadcrumbList","@id":"https:\/\/etiennefd.com\/cteniq\/latheisme-de-degre-deux\/#breadcrumb","itemListElement":[{"@type":"ListItem","position":1,"name":"Home","item":"https:\/\/etiennefd.com\/cteniq\/"},{"@type":"ListItem","position":2,"name":"L&rsquo;ath\u00e9isme de degr\u00e9 deux"}]},{"@type":"WebSite","@id":"https:\/\/etiennefd.com\/cteniq\/#website","url":"https:\/\/etiennefd.com\/cteniq\/","name":"Cartographier tout et n\u2019importe quoi","description":"y compris (et surtout) des lieux qui n&#039;existent pas","potentialAction":[{"@type":"SearchAction","target":{"@type":"EntryPoint","urlTemplate":"https:\/\/etiennefd.com\/cteniq\/?s={search_term_string}"},"query-input":{"@type":"PropertyValueSpecification","valueRequired":true,"valueName":"search_term_string"}}],"inLanguage":"fr-FR"},{"@type":"Person","@id":"https:\/\/etiennefd.com\/cteniq\/#\/schema\/person\/b568795c4bc7d5981b1ce8105a47cc50","name":"\u00c9tienne","image":{"@type":"ImageObject","inLanguage":"fr-FR","@id":"https:\/\/secure.gravatar.com\/avatar\/1333943e77caca64b7d1071e8a2ab0629223f8e60531e4ec83372f4d2e3c1374?s=96&d=mm&r=g","url":"https:\/\/secure.gravatar.com\/avatar\/1333943e77caca64b7d1071e8a2ab0629223f8e60531e4ec83372f4d2e3c1374?s=96&d=mm&r=g","contentUrl":"https:\/\/secure.gravatar.com\/avatar\/1333943e77caca64b7d1071e8a2ab0629223f8e60531e4ec83372f4d2e3c1374?s=96&d=mm&r=g","caption":"\u00c9tienne"},"url":"https:\/\/etiennefd.com\/cteniq\/author\/steb\/"}]}},"_links":{"self":[{"href":"https:\/\/etiennefd.com\/cteniq\/wp-json\/wp\/v2\/posts\/455","targetHints":{"allow":["GET"]}}],"collection":[{"href":"https:\/\/etiennefd.com\/cteniq\/wp-json\/wp\/v2\/posts"}],"about":[{"href":"https:\/\/etiennefd.com\/cteniq\/wp-json\/wp\/v2\/types\/post"}],"author":[{"embeddable":true,"href":"https:\/\/etiennefd.com\/cteniq\/wp-json\/wp\/v2\/users\/1"}],"replies":[{"embeddable":true,"href":"https:\/\/etiennefd.com\/cteniq\/wp-json\/wp\/v2\/comments?post=455"}],"version-history":[{"count":6,"href":"https:\/\/etiennefd.com\/cteniq\/wp-json\/wp\/v2\/posts\/455\/revisions"}],"predecessor-version":[{"id":549,"href":"https:\/\/etiennefd.com\/cteniq\/wp-json\/wp\/v2\/posts\/455\/revisions\/549"}],"wp:attachment":[{"href":"https:\/\/etiennefd.com\/cteniq\/wp-json\/wp\/v2\/media?parent=455"}],"wp:term":[{"taxonomy":"category","embeddable":true,"href":"https:\/\/etiennefd.com\/cteniq\/wp-json\/wp\/v2\/categories?post=455"},{"taxonomy":"post_tag","embeddable":true,"href":"https:\/\/etiennefd.com\/cteniq\/wp-json\/wp\/v2\/tags?post=455"}],"curies":[{"name":"wp","href":"https:\/\/api.w.org\/{rel}","templated":true}]}}