{"id":1510,"date":"2023-05-13T11:20:22","date_gmt":"2023-05-13T15:20:22","guid":{"rendered":"https:\/\/etiennefd.com\/cteniq\/?p=1510"},"modified":"2024-03-03T11:44:18","modified_gmt":"2024-03-03T16:44:18","slug":"ile-maria-de-lajara","status":"publish","type":"post","link":"https:\/\/etiennefd.com\/cteniq\/ile-maria-de-lajara\/","title":{"rendered":"L\u2019\u00eele Mar\u00eda de Lajara"},"content":{"rendered":"<p><img loading=\"lazy\" decoding=\"async\" class=\"wp-image-1511 aligncenter\" src=\"https:\/\/etiennefd.com\/cteniq\/wp-content\/uploads\/sites\/1\/2023\/04\/maria-de-lajara-1024x737.jpg\" alt=\"\" width=\"602\" height=\"433\" srcset=\"https:\/\/etiennefd.com\/cteniq\/wp-content\/uploads\/sites\/1\/2023\/04\/maria-de-lajara-1024x737.jpg 1024w, https:\/\/etiennefd.com\/cteniq\/wp-content\/uploads\/sites\/1\/2023\/04\/maria-de-lajara-300x216.jpg 300w, https:\/\/etiennefd.com\/cteniq\/wp-content\/uploads\/sites\/1\/2023\/04\/maria-de-lajara-768x553.jpg 768w, https:\/\/etiennefd.com\/cteniq\/wp-content\/uploads\/sites\/1\/2023\/04\/maria-de-lajara-695x500.jpg 695w, https:\/\/etiennefd.com\/cteniq\/wp-content\/uploads\/sites\/1\/2023\/04\/maria-de-lajara.jpg 1448w\" sizes=\"auto, (max-width: 602px) 100vw, 602px\" \/><\/p>\n<p style=\"text-align: center;\"><span style=\"font-size: 13.3333px;\"><i><a href=\"https:\/\/antiqueprintmaproom.com\/product\/entwickelung-des-kartenbildes-von-asutralien-wilhem-sievers\/\">Carte de l&rsquo;Australie et du Pacifique<\/a> par Adolf Stieler, 1826. L&rsquo;\u00eele \u00ab D. Maria Laxara \u00bb est visible tout en haut, au nord des \u00eeles Sandwich (Hawa\u00ef).<\/i><\/span><\/p>\n<ul>\n<li class=\"p2\"><span class=\"s1\">O\u00f9 : dans le Pacifique,\u00a0 au nord ou \u00e0 l&rsquo;est d&rsquo;Hawa\u00ef. Autour de 27 degr\u00e9s nord et 140 degr\u00e9s ouest.<\/span><\/li>\n<li class=\"p2\"><span class=\"s1\">Quand : du 17e si\u00e8cle au d\u00e9but du 19e<\/span><\/li>\n<li>Aussi connue sous le nom de : Dona Maria de Lajara, Maria de Laxara, Maria Laxar<\/li>\n<li>Pourrait \u00eatre : l&rsquo;une des <a href=\"https:\/\/fr.wikipedia.org\/wiki\/Archipel_Ogasawara\">\u00eeles Bonin (ou Ogasawara)<\/a> (27 degr\u00e9s nord et 140 degr\u00e9s <em>est<\/em>)<\/li>\n<\/ul>\n<p style=\"text-align: center;\">\/\/<\/p>\n<p>Mar\u00eda de Lajara s&rsquo;est jet\u00e9e dans la mer.<\/p>\n<p>Son p\u00e8re, don Juan de Lajara, affirme qu&rsquo;elle \u00e9tait instable, sujette \u00e0 l&rsquo;hyst\u00e9rie. Avant de partir, \u00e0 Manille, elle avait \u00e9clat\u00e9 en crise \u00e0 l&rsquo;id\u00e9e de faire ce long voyage. Un d\u00e9mon particuli\u00e8rement f\u00e9minin, disait don Juan, s&rsquo;\u00e9tait empar\u00e9 de Mar\u00eda depuis quelques ann\u00e9es d\u00e9j\u00e0. Elle se f\u00e2chait pour un oui ou pour un non. Sa m\u00e8re, do\u00f1a Catalina, bl\u00e2mait le climat \u00e9touffant des Philippines. Son p\u00e8re y voyait plut\u00f4t une preuve de la faiblesse de son genre. Ah, la violence que nous, femmes, subissons chaque sainte journ\u00e9e! C&rsquo;est cela, j&rsquo;en suis persuad\u00e9e, qui causait son mal-\u00eatre.<\/p>\n<p>Mar\u00eda de Lajara s&rsquo;est jet\u00e9e dans la mer.<\/p>\n<p>Deux jeunes hommes bien, le troisi\u00e8me officier du galion et le fils d&rsquo;un planteur de Nouvelle-Espagne, se sont pr\u00e9cipit\u00e9s dans l&rsquo;eau, retenus par des cordes. Ils esp\u00e8rent sauver Mar\u00eda. Par cet acte d&rsquo;h\u00e9ro\u00efsme, ils croient pouvoir se mettre dans les bonnes gr\u00e2ces de sa famille. Tous deux, en v\u00e9rit\u00e9, font une cour discr\u00e8te \u00e0 Mar\u00eda depuis le d\u00e9part. Nulle, sur ce navire, n&rsquo;a sa beaut\u00e9; \u00e0 cela s&rsquo;ajoutent la richesse de son p\u00e8re et le prestige de son nom. Celui qui l&rsquo;\u00e9pousera vivra heureux, pensent ces deux pr\u00e9tendants na\u00effs alors qu&rsquo;ils nagent avec difficult\u00e9 dans les hautes vagues d&rsquo;une mer sombre. Il pleut. C&rsquo;est le cr\u00e9puscule, mais le soleil est invisible. Le ciel est du gris de l&rsquo;encre. La silhouette d&rsquo;une petite \u00eele est \u00e0 peine visible \u00e0 l&rsquo;horizon. Les deux sauveteurs cherchent mais ne trouvent pas.<\/p>\n<p>Mar\u00eda de Lajara s&rsquo;est jet\u00e9e dans la mer.<\/p>\n<p>Elle n&rsquo;aurait jamais aim\u00e9 ni le troisi\u00e8me officier du navire, ni le fils de planteur. Elle en aurait peut-\u00eatre \u00e9pous\u00e9 l&rsquo;un des deux, si son p\u00e8re avait insist\u00e9; mais c&rsquo;e\u00fbt \u00e9t\u00e9 un mariage sans joie, sans amour. Si elle e\u00fbt port\u00e9 un enfant, c&rsquo;e\u00fbt \u00e9t\u00e9 le fruit non pas de la passion, mais de la douleur et de la domination masculine. Mar\u00eda d\u00e9testait les hommes. Elle d\u00e9testait son p\u00e8re. Elle d\u00e9testait ceux qui lui faisaient la cour, et elle d\u00e9testerait celui qui la sauverait. Elle d\u00e9testait les matelots, tous les hommes de basse naissance qui lui jetaient des coups d&rsquo;\u0153il o\u00f9 elle percevait l&rsquo;instinct animal, barbare, du m\u00e2le en rut.<\/p>\n<p>Mar\u00eda de Lajara s&rsquo;est jet\u00e9e dans la mer.<\/p>\n<p>L&rsquo;officier et le fils de planteur ont cri\u00e9. Ils pensent l&rsquo;avoir vue. Ils nagent avec ardeur \u00e0 travers des flots\u00a0violents comme les syst\u00e8mes du patriarcat. Mais Mar\u00eda a disparu \u00e0 nouveau. Le cr\u00e9puscule teinte la mer d&rsquo;un vert presque noir. On n&rsquo;y verra pas beaucoup plus longtemps. S&rsquo;ils ne rep\u00eachent pas Mar\u00eda tr\u00e8s bient\u00f4t, on ne la reverra jamais. Son tombeau sera cet oc\u00e9an, cette mer qu&rsquo;on dit Pacifique et qui pourtant, comme un homme placide sous l&rsquo;effet d&rsquo;une \u00e9motion incontr\u00f4lable ou d&rsquo;un d\u00e9sir f\u00e9roce, peut devenir agressif \u00e0 tout moment. Sa st\u00e8le fun\u00e8bre sera cette \u00eele inconnue \u00e0 l&rsquo;horizon.<\/p>\n<p>Mar\u00eda de Lajara s&rsquo;est jet\u00e9e dans la mer.<\/p>\n<p>C&rsquo;est moi qu&rsquo;elle aimait. Je l&rsquo;aimais aussi. Notre amour \u00e9tait interdit. \u00c0 Manille, nous le vivions en cachette, dans les grands jardins qui ceinturent les manoirs o\u00f9 r\u00e9sident nos familles riches, coloniales, pillardes. Sur ce grand galion, qui n&rsquo;est pas si grand lorsqu&rsquo;on y est confin\u00e9 pendant des semaines, nous n&rsquo;avions pas la discr\u00e9tion n\u00e9cessaire. Nous \u00e9changions des regards lourds de d\u00e9sir et d&rsquo;impatience. Nous \u00e9crivions des lettres passionn\u00e9es, dans lesquelles nous disions notre h\u00e2te d&rsquo;atteindre Acapulco et la Nouvelle-Espagne \u2014 mais aussi notre crainte d&rsquo;\u00eatre s\u00e9par\u00e9es, car j&rsquo;\u00e9tais promise \u00e0 un marchand vivant \u00e0 Mexico, que je devais \u00e9pouser sit\u00f4t arriv\u00e9e. Pourrions-nous, en Am\u00e9rique, nous voir aussi souvent que voulu?<\/p>\n<p>Mar\u00eda de Lajara s&rsquo;est jet\u00e9e dans la mer.<\/p>\n<p>J&rsquo;aurais pr\u00e9f\u00e9r\u00e9 que don Juan de Lajara nous d\u00e9couvre dans un moment d&rsquo;intimit\u00e9; au moins nous aurions eu une derni\u00e8re passion ensemble. Mais ce sont les lettres qu&rsquo;il a trouv\u00e9es. Furieux, il est descendu dans la cabine o\u00f9 Mar\u00eda, moi-m\u00eame et les autres jeunes filles passions notre temps. Mar\u00eda brodait. Je lisais un roman. Son p\u00e8re a brandi la pile de lettres. Ils nous a cri\u00e9 apr\u00e8s, a dit que ce que nous ressentions \u00e9tait contre nature et contre Dieu. Il nous a interdit tout contact et a jur\u00e9 qu&rsquo;une fois \u00e0 Acapulco, nous ne nous reverrions jamais.<\/p>\n<p>Mar\u00eda de Lajara s&rsquo;est jet\u00e9e dans la mer.<\/p>\n<p>Il fait trop sombre d\u00e9sormais. L&rsquo;officier et le fils de planteur sont remont\u00e9s \u00e0 bord. Mar\u00eda est perdue.<\/p>\n<p>Mar\u00eda de Lajara s&rsquo;est jet\u00e9e dans la mer.<\/p>\n<p>Je suis perdue, moi aussi. Les hommes ont gagn\u00e9, encore. Ils gagnent toujours. Bient\u00f4t je vivrai dans une hacienda des Indes occidentales, mari\u00e9e \u00e0 un homme ayant trois fois mon \u00e2ge, et j&rsquo;\u00e9l\u00e8verai des fils qui iront conqu\u00e9rir des femmes, et des filles qui attendront d&rsquo;\u00eatre conquises. Parfois je me rem\u00e9morerai les rares moments pass\u00e9s avec mon vrai amour, Mar\u00eda de Lajara, disparue en mer pr\u00e8s d&rsquo;une \u00eele sur laquelle je n&rsquo;aurai jamais mis les pieds. Je me surprendrai \u00e0 esp\u00e9rer que Dieu prenne piti\u00e9 d&rsquo;elle et lui accorde un miracle. Qu&rsquo;elle devienne une belle sir\u00e8ne, \u00e9ternellement jeune et sensuelle au fond de l&rsquo;oc\u00e9an, l\u00e0 o\u00f9 nul homme ne pourra jamais la toucher. Qu&rsquo;elle devienne une l\u00e9gende qui les trouble, qui attise leur d\u00e9sir, mais sans jamais leur donner satisfaction.<\/p>\n<p>Mar\u00eda de Lajara s&rsquo;est jet\u00e9e dans la mer.<\/p>\n","protected":false},"excerpt":{"rendered":"<p>Carte de l&rsquo;Australie et du Pacifique par Adolf Stieler, 1826. L&rsquo;\u00eele \u00ab D. Maria Laxara \u00bb est visible tout en haut, au nord des \u00eeles Sandwich (Hawa\u00ef). O\u00f9 : dans <a href=\"https:\/\/etiennefd.com\/cteniq\/ile-maria-de-lajara\/\" class=\"more-link\">[&hellip;]<\/a><\/p>\n","protected":false},"author":1,"featured_media":0,"comment_status":"open","ping_status":"open","sticky":false,"template":"","format":"standard","meta":{"Layout":"","footnotes":""},"categories":[11],"tags":[35,31],"class_list":["entry","author-steb","post-1510","post","type-post","status-publish","format-standard","category-fiction","tag-atlas-des-iles-fantomes","tag-cartographie"],"yoast_head":"<!-- This site is optimized with the Yoast SEO plugin v27.5 - https:\/\/yoast.com\/product\/yoast-seo-wordpress\/ -->\n<title>L\u2019\u00eele Mar\u00eda de Lajara - Cartographier tout et n\u2019importe quoi<\/title>\n<meta name=\"robots\" content=\"index, follow, max-snippet:-1, max-image-preview:large, max-video-preview:-1\" \/>\n<link rel=\"canonical\" href=\"https:\/\/etiennefd.com\/cteniq\/ile-maria-de-lajara\/\" \/>\n<meta property=\"og:locale\" content=\"fr_FR\" \/>\n<meta property=\"og:type\" content=\"article\" \/>\n<meta property=\"og:title\" content=\"L\u2019\u00eele Mar\u00eda de Lajara - Cartographier tout et n\u2019importe quoi\" \/>\n<meta property=\"og:description\" content=\"Carte de l&rsquo;Australie et du Pacifique par Adolf Stieler, 1826. L&rsquo;\u00eele \u00ab D. Maria Laxara \u00bb est visible tout en haut, au nord des \u00eeles Sandwich (Hawa\u00ef). O\u00f9 : dans [&hellip;]\" \/>\n<meta property=\"og:url\" content=\"https:\/\/etiennefd.com\/cteniq\/ile-maria-de-lajara\/\" \/>\n<meta property=\"og:site_name\" content=\"Cartographier tout et n\u2019importe quoi\" \/>\n<meta property=\"article:published_time\" content=\"2023-05-13T15:20:22+00:00\" \/>\n<meta property=\"article:modified_time\" content=\"2024-03-03T16:44:18+00:00\" \/>\n<meta property=\"og:image\" content=\"https:\/\/etiennefd.com\/cteniq\/wp-content\/uploads\/sites\/1\/2023\/04\/maria-de-lajara-1024x737.jpg\" \/>\n<meta name=\"author\" content=\"\u00c9tienne\" \/>\n<meta name=\"twitter:card\" content=\"summary_large_image\" \/>\n<meta name=\"twitter:label1\" content=\"\u00c9crit par\" \/>\n\t<meta name=\"twitter:data1\" content=\"\u00c9tienne\" \/>\n\t<meta name=\"twitter:label2\" content=\"Dur\u00e9e de lecture estim\u00e9e\" \/>\n\t<meta name=\"twitter:data2\" content=\"6 minutes\" \/>\n<script type=\"application\/ld+json\" class=\"yoast-schema-graph\">{\"@context\":\"https:\\\/\\\/schema.org\",\"@graph\":[{\"@type\":\"Article\",\"@id\":\"https:\\\/\\\/etiennefd.com\\\/cteniq\\\/ile-maria-de-lajara\\\/#article\",\"isPartOf\":{\"@id\":\"https:\\\/\\\/etiennefd.com\\\/cteniq\\\/ile-maria-de-lajara\\\/\"},\"author\":{\"name\":\"\u00c9tienne\",\"@id\":\"https:\\\/\\\/etiennefd.com\\\/cteniq\\\/#\\\/schema\\\/person\\\/b568795c4bc7d5981b1ce8105a47cc50\"},\"headline\":\"L\u2019\u00eele Mar\u00eda de Lajara\",\"datePublished\":\"2023-05-13T15:20:22+00:00\",\"dateModified\":\"2024-03-03T16:44:18+00:00\",\"mainEntityOfPage\":{\"@id\":\"https:\\\/\\\/etiennefd.com\\\/cteniq\\\/ile-maria-de-lajara\\\/\"},\"wordCount\":1067,\"commentCount\":0,\"image\":{\"@id\":\"https:\\\/\\\/etiennefd.com\\\/cteniq\\\/ile-maria-de-lajara\\\/#primaryimage\"},\"thumbnailUrl\":\"https:\\\/\\\/etiennefd.com\\\/cteniq\\\/wp-content\\\/uploads\\\/sites\\\/1\\\/2023\\\/04\\\/maria-de-lajara-1024x737.jpg\",\"keywords\":[\"atlas des \u00eeles fant\u00f4mes\",\"cartographie\"],\"articleSection\":[\"fiction\"],\"inLanguage\":\"fr-FR\",\"potentialAction\":[{\"@type\":\"CommentAction\",\"name\":\"Comment\",\"target\":[\"https:\\\/\\\/etiennefd.com\\\/cteniq\\\/ile-maria-de-lajara\\\/#respond\"]}]},{\"@type\":\"WebPage\",\"@id\":\"https:\\\/\\\/etiennefd.com\\\/cteniq\\\/ile-maria-de-lajara\\\/\",\"url\":\"https:\\\/\\\/etiennefd.com\\\/cteniq\\\/ile-maria-de-lajara\\\/\",\"name\":\"L\u2019\u00eele Mar\u00eda de Lajara - Cartographier tout et n\u2019importe quoi\",\"isPartOf\":{\"@id\":\"https:\\\/\\\/etiennefd.com\\\/cteniq\\\/#website\"},\"primaryImageOfPage\":{\"@id\":\"https:\\\/\\\/etiennefd.com\\\/cteniq\\\/ile-maria-de-lajara\\\/#primaryimage\"},\"image\":{\"@id\":\"https:\\\/\\\/etiennefd.com\\\/cteniq\\\/ile-maria-de-lajara\\\/#primaryimage\"},\"thumbnailUrl\":\"https:\\\/\\\/etiennefd.com\\\/cteniq\\\/wp-content\\\/uploads\\\/sites\\\/1\\\/2023\\\/04\\\/maria-de-lajara-1024x737.jpg\",\"datePublished\":\"2023-05-13T15:20:22+00:00\",\"dateModified\":\"2024-03-03T16:44:18+00:00\",\"author\":{\"@id\":\"https:\\\/\\\/etiennefd.com\\\/cteniq\\\/#\\\/schema\\\/person\\\/b568795c4bc7d5981b1ce8105a47cc50\"},\"breadcrumb\":{\"@id\":\"https:\\\/\\\/etiennefd.com\\\/cteniq\\\/ile-maria-de-lajara\\\/#breadcrumb\"},\"inLanguage\":\"fr-FR\",\"potentialAction\":[{\"@type\":\"ReadAction\",\"target\":[\"https:\\\/\\\/etiennefd.com\\\/cteniq\\\/ile-maria-de-lajara\\\/\"]}]},{\"@type\":\"ImageObject\",\"inLanguage\":\"fr-FR\",\"@id\":\"https:\\\/\\\/etiennefd.com\\\/cteniq\\\/ile-maria-de-lajara\\\/#primaryimage\",\"url\":\"https:\\\/\\\/etiennefd.com\\\/cteniq\\\/wp-content\\\/uploads\\\/sites\\\/1\\\/2023\\\/04\\\/maria-de-lajara.jpg\",\"contentUrl\":\"https:\\\/\\\/etiennefd.com\\\/cteniq\\\/wp-content\\\/uploads\\\/sites\\\/1\\\/2023\\\/04\\\/maria-de-lajara.jpg\",\"width\":1448,\"height\":1042},{\"@type\":\"BreadcrumbList\",\"@id\":\"https:\\\/\\\/etiennefd.com\\\/cteniq\\\/ile-maria-de-lajara\\\/#breadcrumb\",\"itemListElement\":[{\"@type\":\"ListItem\",\"position\":1,\"name\":\"Home\",\"item\":\"https:\\\/\\\/etiennefd.com\\\/cteniq\\\/\"},{\"@type\":\"ListItem\",\"position\":2,\"name\":\"L\u2019\u00eele Mar\u00eda de Lajara\"}]},{\"@type\":\"WebSite\",\"@id\":\"https:\\\/\\\/etiennefd.com\\\/cteniq\\\/#website\",\"url\":\"https:\\\/\\\/etiennefd.com\\\/cteniq\\\/\",\"name\":\"Cartographier tout et n\u2019importe quoi\",\"description\":\"y compris (et surtout) des lieux qui n&#039;existent pas\",\"potentialAction\":[{\"@type\":\"SearchAction\",\"target\":{\"@type\":\"EntryPoint\",\"urlTemplate\":\"https:\\\/\\\/etiennefd.com\\\/cteniq\\\/?s={search_term_string}\"},\"query-input\":{\"@type\":\"PropertyValueSpecification\",\"valueRequired\":true,\"valueName\":\"search_term_string\"}}],\"inLanguage\":\"fr-FR\"},{\"@type\":\"Person\",\"@id\":\"https:\\\/\\\/etiennefd.com\\\/cteniq\\\/#\\\/schema\\\/person\\\/b568795c4bc7d5981b1ce8105a47cc50\",\"name\":\"\u00c9tienne\",\"image\":{\"@type\":\"ImageObject\",\"inLanguage\":\"fr-FR\",\"@id\":\"https:\\\/\\\/secure.gravatar.com\\\/avatar\\\/1333943e77caca64b7d1071e8a2ab0629223f8e60531e4ec83372f4d2e3c1374?s=96&d=mm&r=g\",\"url\":\"https:\\\/\\\/secure.gravatar.com\\\/avatar\\\/1333943e77caca64b7d1071e8a2ab0629223f8e60531e4ec83372f4d2e3c1374?s=96&d=mm&r=g\",\"contentUrl\":\"https:\\\/\\\/secure.gravatar.com\\\/avatar\\\/1333943e77caca64b7d1071e8a2ab0629223f8e60531e4ec83372f4d2e3c1374?s=96&d=mm&r=g\",\"caption\":\"\u00c9tienne\"},\"url\":\"https:\\\/\\\/etiennefd.com\\\/cteniq\\\/author\\\/steb\\\/\"}]}<\/script>\n<!-- \/ Yoast SEO plugin. -->","yoast_head_json":{"title":"L\u2019\u00eele Mar\u00eda de Lajara - Cartographier tout et n\u2019importe quoi","robots":{"index":"index","follow":"follow","max-snippet":"max-snippet:-1","max-image-preview":"max-image-preview:large","max-video-preview":"max-video-preview:-1"},"canonical":"https:\/\/etiennefd.com\/cteniq\/ile-maria-de-lajara\/","og_locale":"fr_FR","og_type":"article","og_title":"L\u2019\u00eele Mar\u00eda de Lajara - Cartographier tout et n\u2019importe quoi","og_description":"Carte de l&rsquo;Australie et du Pacifique par Adolf Stieler, 1826. L&rsquo;\u00eele \u00ab D. Maria Laxara \u00bb est visible tout en haut, au nord des \u00eeles Sandwich (Hawa\u00ef). O\u00f9 : dans [&hellip;]","og_url":"https:\/\/etiennefd.com\/cteniq\/ile-maria-de-lajara\/","og_site_name":"Cartographier tout et n\u2019importe quoi","article_published_time":"2023-05-13T15:20:22+00:00","article_modified_time":"2024-03-03T16:44:18+00:00","og_image":[{"url":"https:\/\/etiennefd.com\/cteniq\/wp-content\/uploads\/sites\/1\/2023\/04\/maria-de-lajara-1024x737.jpg","type":"","width":"","height":""}],"author":"\u00c9tienne","twitter_card":"summary_large_image","twitter_misc":{"\u00c9crit par":"\u00c9tienne","Dur\u00e9e de lecture estim\u00e9e":"6 minutes"},"schema":{"@context":"https:\/\/schema.org","@graph":[{"@type":"Article","@id":"https:\/\/etiennefd.com\/cteniq\/ile-maria-de-lajara\/#article","isPartOf":{"@id":"https:\/\/etiennefd.com\/cteniq\/ile-maria-de-lajara\/"},"author":{"name":"\u00c9tienne","@id":"https:\/\/etiennefd.com\/cteniq\/#\/schema\/person\/b568795c4bc7d5981b1ce8105a47cc50"},"headline":"L\u2019\u00eele Mar\u00eda de Lajara","datePublished":"2023-05-13T15:20:22+00:00","dateModified":"2024-03-03T16:44:18+00:00","mainEntityOfPage":{"@id":"https:\/\/etiennefd.com\/cteniq\/ile-maria-de-lajara\/"},"wordCount":1067,"commentCount":0,"image":{"@id":"https:\/\/etiennefd.com\/cteniq\/ile-maria-de-lajara\/#primaryimage"},"thumbnailUrl":"https:\/\/etiennefd.com\/cteniq\/wp-content\/uploads\/sites\/1\/2023\/04\/maria-de-lajara-1024x737.jpg","keywords":["atlas des \u00eeles fant\u00f4mes","cartographie"],"articleSection":["fiction"],"inLanguage":"fr-FR","potentialAction":[{"@type":"CommentAction","name":"Comment","target":["https:\/\/etiennefd.com\/cteniq\/ile-maria-de-lajara\/#respond"]}]},{"@type":"WebPage","@id":"https:\/\/etiennefd.com\/cteniq\/ile-maria-de-lajara\/","url":"https:\/\/etiennefd.com\/cteniq\/ile-maria-de-lajara\/","name":"L\u2019\u00eele Mar\u00eda de Lajara - Cartographier tout et n\u2019importe quoi","isPartOf":{"@id":"https:\/\/etiennefd.com\/cteniq\/#website"},"primaryImageOfPage":{"@id":"https:\/\/etiennefd.com\/cteniq\/ile-maria-de-lajara\/#primaryimage"},"image":{"@id":"https:\/\/etiennefd.com\/cteniq\/ile-maria-de-lajara\/#primaryimage"},"thumbnailUrl":"https:\/\/etiennefd.com\/cteniq\/wp-content\/uploads\/sites\/1\/2023\/04\/maria-de-lajara-1024x737.jpg","datePublished":"2023-05-13T15:20:22+00:00","dateModified":"2024-03-03T16:44:18+00:00","author":{"@id":"https:\/\/etiennefd.com\/cteniq\/#\/schema\/person\/b568795c4bc7d5981b1ce8105a47cc50"},"breadcrumb":{"@id":"https:\/\/etiennefd.com\/cteniq\/ile-maria-de-lajara\/#breadcrumb"},"inLanguage":"fr-FR","potentialAction":[{"@type":"ReadAction","target":["https:\/\/etiennefd.com\/cteniq\/ile-maria-de-lajara\/"]}]},{"@type":"ImageObject","inLanguage":"fr-FR","@id":"https:\/\/etiennefd.com\/cteniq\/ile-maria-de-lajara\/#primaryimage","url":"https:\/\/etiennefd.com\/cteniq\/wp-content\/uploads\/sites\/1\/2023\/04\/maria-de-lajara.jpg","contentUrl":"https:\/\/etiennefd.com\/cteniq\/wp-content\/uploads\/sites\/1\/2023\/04\/maria-de-lajara.jpg","width":1448,"height":1042},{"@type":"BreadcrumbList","@id":"https:\/\/etiennefd.com\/cteniq\/ile-maria-de-lajara\/#breadcrumb","itemListElement":[{"@type":"ListItem","position":1,"name":"Home","item":"https:\/\/etiennefd.com\/cteniq\/"},{"@type":"ListItem","position":2,"name":"L\u2019\u00eele Mar\u00eda de Lajara"}]},{"@type":"WebSite","@id":"https:\/\/etiennefd.com\/cteniq\/#website","url":"https:\/\/etiennefd.com\/cteniq\/","name":"Cartographier tout et n\u2019importe quoi","description":"y compris (et surtout) des lieux qui n&#039;existent pas","potentialAction":[{"@type":"SearchAction","target":{"@type":"EntryPoint","urlTemplate":"https:\/\/etiennefd.com\/cteniq\/?s={search_term_string}"},"query-input":{"@type":"PropertyValueSpecification","valueRequired":true,"valueName":"search_term_string"}}],"inLanguage":"fr-FR"},{"@type":"Person","@id":"https:\/\/etiennefd.com\/cteniq\/#\/schema\/person\/b568795c4bc7d5981b1ce8105a47cc50","name":"\u00c9tienne","image":{"@type":"ImageObject","inLanguage":"fr-FR","@id":"https:\/\/secure.gravatar.com\/avatar\/1333943e77caca64b7d1071e8a2ab0629223f8e60531e4ec83372f4d2e3c1374?s=96&d=mm&r=g","url":"https:\/\/secure.gravatar.com\/avatar\/1333943e77caca64b7d1071e8a2ab0629223f8e60531e4ec83372f4d2e3c1374?s=96&d=mm&r=g","contentUrl":"https:\/\/secure.gravatar.com\/avatar\/1333943e77caca64b7d1071e8a2ab0629223f8e60531e4ec83372f4d2e3c1374?s=96&d=mm&r=g","caption":"\u00c9tienne"},"url":"https:\/\/etiennefd.com\/cteniq\/author\/steb\/"}]}},"_links":{"self":[{"href":"https:\/\/etiennefd.com\/cteniq\/wp-json\/wp\/v2\/posts\/1510","targetHints":{"allow":["GET"]}}],"collection":[{"href":"https:\/\/etiennefd.com\/cteniq\/wp-json\/wp\/v2\/posts"}],"about":[{"href":"https:\/\/etiennefd.com\/cteniq\/wp-json\/wp\/v2\/types\/post"}],"author":[{"embeddable":true,"href":"https:\/\/etiennefd.com\/cteniq\/wp-json\/wp\/v2\/users\/1"}],"replies":[{"embeddable":true,"href":"https:\/\/etiennefd.com\/cteniq\/wp-json\/wp\/v2\/comments?post=1510"}],"version-history":[{"count":8,"href":"https:\/\/etiennefd.com\/cteniq\/wp-json\/wp\/v2\/posts\/1510\/revisions"}],"predecessor-version":[{"id":1557,"href":"https:\/\/etiennefd.com\/cteniq\/wp-json\/wp\/v2\/posts\/1510\/revisions\/1557"}],"wp:attachment":[{"href":"https:\/\/etiennefd.com\/cteniq\/wp-json\/wp\/v2\/media?parent=1510"}],"wp:term":[{"taxonomy":"category","embeddable":true,"href":"https:\/\/etiennefd.com\/cteniq\/wp-json\/wp\/v2\/categories?post=1510"},{"taxonomy":"post_tag","embeddable":true,"href":"https:\/\/etiennefd.com\/cteniq\/wp-json\/wp\/v2\/tags?post=1510"}],"curies":[{"name":"wp","href":"https:\/\/api.w.org\/{rel}","templated":true}]}}